{"id":1029,"date":"2022-02-11T13:33:58","date_gmt":"2022-02-11T12:33:58","guid":{"rendered":"http:\/\/www.indemnizaciondespido.com\/blog\/?p=1029"},"modified":"2022-06-15T11:45:24","modified_gmt":"2022-06-15T09:45:24","slug":"despido-colectivo-causas-ere","status":"publish","type":"post","link":"http:\/\/www.indemnizaciondespido.com\/blog\/despido-colectivo-causas-ere.php","title":{"rendered":"CAUSAS ERE, Despido Colectivo Procedente"},"content":{"rendered":"<h2><strong>\u00bfQu\u00e9 <em>Causas<\/em> justifican un<em>\u00a0Despido Colectivo<\/em> o <em>ERE?<\/em><\/strong><\/h2>\n<h3><strong>\u00bfQu\u00e9 hacer si resulto afectado por un\u00a0<em>ERE<\/em>?<\/strong><\/h3>\n<p class=\"dropCap\">Te vamos a explicar resumidamente <strong><em>qu\u00e9 es<\/em> y cu\u00e1ndo se puede hablar de\u00a0<em><abbr title=\"Expediente de Regulaci\u00f3n de Empleo\">ERE<\/abbr><\/em> o\u00a0<em>despido colectivo<\/em><\/strong>, cu\u00e1les son sus <strong><em>causas que lo justifican<\/em><\/strong>; para despu\u00e9s indicarte <strong>qu\u00e9 puedes hacer<\/strong> en caso de que te hayas visto\u00a0<strong>afectado por un <em>ERE<\/em><\/strong>.<\/p>\n<h2><strong>\u00bfQu\u00e9 es y cu\u00e1ndo puede hablarse de\u00a0<em>Despido Colectivo<\/em> o <em>ERE<\/em>?<\/strong><\/h2>\n<p class=\"dropCap\">El <em><strong>despido colectivo<\/strong><\/em>, com\u00fanmente conocido como<strong> <em>ERE<\/em><\/strong><em>,<\/em> se da cuanto la empresa <strong><em>despide<\/em> a un elevado n\u00famero de trabajadores<\/strong>.<\/p>\n<p>El n\u00famero de trabajadores <em>despedidos<\/em> necesario para que pueda considerarse<em> <strong>ERE<\/strong><\/em>, depender\u00e1, como vimos en otro art\u00edculo, del n\u00famero total de trabajadores de la empresa.<\/p>\n<h3><strong>Despido Colectivo y <em>Estatuto de los Trabajadores<\/em><\/strong><\/h3>\n<p>Para que <strong>una empresa pueda <em>despedir colectivamente<\/em><\/strong> a sus trabajadores debe seguir un procedimiento especial regulado en el art\u00edculo 51 del <strong><em>Estatuto de los Trabajadores<\/em>, <abbr title=\"Estatuto de los Trabajadores\">ET<\/abbr><\/strong>.<\/p>\n<h2><strong>\u00bfCu\u00e1ndo deber\u00e1 seguir la empresa este procedimiento para el <em>ERE<\/em>?<\/strong><\/h2>\n<p class=\"dropCap\">La empresa deber\u00e1 acudir a este procedimiento para <em>despidos colectivos<\/em>, siempre que se den ciertas\u00a0condiciones dependiendo del n\u00famero de trabajadores que vayan a ser <em>despedidos<\/em>. Pero, adem\u00e1s, deben darse una serie de <strong><em>causas<\/em> demostrables<\/strong>:<\/p>\n<p class=\"dropCap\">1. <strong><em>Causas<\/em> Econ\u00f3micas<\/strong><\/p>\n<p class=\"dropCap\">2. <strong><em>Causas<\/em> T\u00e9cnicas<\/strong><\/p>\n<p class=\"dropCap\">3. <strong><em>Causas<\/em> Organizativas<\/strong><\/p>\n<p class=\"dropCap\">4. <strong><em>Causas<\/em> Productivas<\/strong><\/p>\n<p><!--more Leer m\u00e1s sobre Causas que justifican un ERE o Despido Colectivo--><\/p>\n<h2><strong><em>CAUSAS<\/em> del <em>Despido Colectivo<\/em> o <em>ERE<\/em><\/strong><\/h2>\n<h3><strong>Legislaci\u00f3n y <em>Causas de Despido Colectivo<\/em><\/strong><\/h3>\n<p>Las <strong><em>causas<\/em> legales para poder realizar un <em>ERE<\/em><\/strong> est\u00e1n especificadas en el art. 51 del Real Decreto Legislativo 2\/2015, de 23 de octubre, por el que se aprueba el texto refundido de la Ley del <em><strong>Estatuto de los Trabajadores<\/strong><\/em>, <strong><abbr title=\"Estatuto de los Trabajadores\">ET,\u00a0<\/abbr><\/strong>y son las siguientes:<\/p>\n<p class=\"dropCap\">1. <strong><em>Causas<\/em> ECON\u00d3MICAS<\/strong><\/p>\n<p>Si la Empresa tiene una <strong>situaci\u00f3n <em>econ\u00f3mica negativa<\/em> como consecuencia de una p\u00e9rdida actual o prevista o una disminuci\u00f3n persistente en sus ingresos, aunque no tenga p\u00e9rdidas<\/strong>.<\/p>\n<p>Se entender\u00e1 que hay <strong>disminuci\u00f3n persistente en los ingresos<\/strong> cuando durante tres trimestres consecutivos el nivel de ingresos o ventas sea inferior al nivel registrado en el mismo trimestre del a\u00f1o anterior.<\/p>\n<p class=\"dropCap\">2. <strong><em>Causas<\/em> T\u00c9CNICAS<\/strong><\/p>\n<p>Se dan cuando como a consecuencia de los cambios introducidos por la empresa en los medios o instrumentos de producci\u00f3n, haya <strong>trabajadores que queden sin trabajo que realizar<\/strong>. Es decir cuando <strong>la empresa mejora su <em>organizaci\u00f3n interna<\/em><\/strong> y debido a esa nueva organizaci\u00f3n sobren puestos de trabajo.<\/p>\n<p class=\"dropCap\">3. <strong><em>Causas<\/em> ORGANIZATIVAS<\/strong><\/p>\n<p>Se dan cuando se produzcan <strong>cambios en la forma de <em>organizar<\/em> la producci\u00f3n<\/strong> o en los sistemas y m\u00e9todos de trabajo y debido a estos cambios, haya <strong>puestos de trabajo que ya no sean necesarios<\/strong>.<\/p>\n<p class=\"dropCap\">4.<strong> <em>Causas<\/em> PRODUCTIVAS<\/strong><\/p>\n<p>Se dan como consecuencia de una <strong>reducci\u00f3n en la demanda de los servicios<\/strong> o bienes ofrecidos por la empresa.<\/p>\n<hr \/>\n<h3><strong>\u00bfCu\u00e1ntas de estas <em>causas<\/em> deben darse para que pueda hacerse un <em>ERE?<\/em><\/strong><\/h3>\n<p><strong>No hace falta que concurran todas estas <em>causas<\/em> conjuntamente para justificar un <em>despido colectivo<\/em><\/strong>. A veces los <em>despidos<\/em> tienen como fundamento una sola de ellas, como por ejemplo las <em>econ\u00f3micas<\/em>, y en otras ocasiones se dan varias<i>\u00a0<\/i>a la vez.<\/p>\n<h3><strong><em>Despidos colectivos<\/em> en\u00a0Fraude de Ley<\/strong> por falta de <strong><em>Causa<\/em><\/strong>\u00a0justificada<\/h3>\n<p>Cualquiera de las anteriores\u00a0tienen que ser\u00a0<strong>debidamente demostradas<\/strong> y\u00a0acreditadas con informes y documentos. En caso contrario, no habr\u00eda una <em>causa justificada<\/em> y \u00a0estar\u00edamos ante un <strong><em>ERE<\/em> falso o despido colectivo en <em>Fraude de Ley<\/em><\/strong>.<\/p>\n<blockquote cite=\"https:\/\/www.iberley.es\/temas\/causas-despidos-colectivos-65281\"><p>La justificaci\u00f3n del <strong>despido colectivo por <em>causas<\/em> econ\u00f3micas<\/strong>, productivas u organizativas exigir\u00e1 a las empresas la superaci\u00f3n de tres fases<\/p>\n<ol>\n<li>Acreditar la situaci\u00f3n econ\u00f3mica negativa o, en su caso, cambios, entre otros, en el \u00e1mbito de los sistemas y m\u00e9todos de trabajo del personal o en el modo de organizar la producci\u00f3n, o cambios en la demanda de los productos y servicios que la empresa quiera colocar en el mercado.<\/li>\n<li>Determinar de qu\u00e9 modo las situaciones descritas inciden en los contratos de trabajo, que se pretenden extinguir.<\/li>\n<li>Probar la adecuaci\u00f3n de las medidas adoptadas para hacer frente a dicha necesidad.<\/li>\n<\/ol>\n<\/blockquote>\n<hr \/>\n<h3><strong>\u00bfQu\u00e9 hacer si la <em>causa<\/em> para hacer el despido colectivo es <em>falsa?<\/em><\/strong><\/h3>\n<div class=\"ladillo boxShadow\"><q>Se podr\u00eda <strong>impugnar el <em>ERE<\/em><\/strong><\/q><\/div>\n<p><strong>Si no hay <em>causa<\/em> legal por la que la empresa ha hecho el <em>despido colectivo<\/em><\/strong>, es decir si no se den las <em>causas<\/em> econ\u00f3micas, t\u00e9cnicas, organizativas o de producci\u00f3n alegadas por la empresa, se podr\u00eda <strong>impugnar el despido colectivo o\u00a0<em>ERE<\/em><\/strong>.<\/p>\n<p>MUY IMPORTANTE: Hay que <strong>cumplir el <em>plazo<\/em> para poder impugnar un <em>ERE<\/em><\/strong><\/p>\n<h3><strong>Plazo para <em>impugnar<\/em> un despido colectivo o <em>ERE<\/em><\/strong><\/h3>\n<p class=\"dropCap\">El <strong><em>plazo<\/em> para demandar o impugnar\u00a0un <em>despido colectivo<\/em> o\u00a0ERE<\/strong>, es de <strong>20 d\u00edas\u00a0<\/strong>h\u00e1biles, que comenzaran a contar <strong>desde la fecha del <em>acuerdo<\/em><\/strong> alcanzado, o desde la notificaci\u00f3n a los <em>representantes de los trabajadores<\/em> de la <strong>decisi\u00f3n del <em>despido colectivo<\/em><\/strong> si no se hubiera alcanzado <em>acuerdo<\/em>.<\/p>\n<p><a title=\"Impugnar un ERE o Despido Colectivo \u25b7 Te explico c\u00f3mo hacerlo\" href=\".\/impugnar-ere-despido-colectivo.php\"><strong>Impugnar tu despido colectivo o\u00a0<em>ERE<\/em><\/strong> No te resignes con un <em>despido injusto<\/em> \u2192<\/a><\/p>\n<hr \/>\n<h4>A&amp;G, <strong>Ayala y Gonz\u00e1lez <em>Abogados<\/em><\/strong><\/h4>\n<p class=\"dropCap\">\u265c Defensa en <em>Despidos<\/em>: los <strong>Abogados <em>Laboralistas<\/em> en Madrid<\/strong> de Ayala y Gonz\u00e1lez <em>Abogados<\/em>.<\/p>\n<p class=\"dropCap\">Somos un <strong>despacho especializado en Derecho <em>Laboral<\/em><\/strong>, con mas de <strong>25 a\u00f1os de experiencia<\/strong> profesional en la defensa de los derechos de trabajadores\/as.<\/p>\n<h4>No te quedes con dudas, llama<\/h4>\n<p>Ll\u00e1mame y hazme tu consulta. No tienes nada que perder y <strong>s\u00ed, mucho que ganar<\/strong>.<\/p>\n<p class=\"tlfBig\">915 91 40 43<\/p>\n<p><a title=\"Consulta GRATIS con el Abogado Laboral sobre tu Despido\" href=\"..\/consulta-abogado-laboral-gratis-madrid.php\">\u2709 Si tienes dudas, preg\u00fantame: soy Julio Gonz\u00e1lez, <strong>Abogado Laboralista<\/strong> con despacho en <em>Madrid<\/em>. <strong>CONSULTA gratuitamente<\/strong> tu caso conmigo \u27a8<\/a><\/p>\n<hr \/>\n<p>ENLACES DE INTER\u00c9S<\/p>\n<h3><strong><em>Sentencias<\/em> sobre <em>causas<\/em> del despido colectivo<\/strong><\/h3>\n<p class=\"dropCap\">El an\u00e1lisis de estos requisitos ha de hacerse, seg\u00fan el Tribunal Supremo, en forma diferenciada, seg\u00fan se invoque <strong><em>causa<\/em> econ\u00f3mica<\/strong> o alguna de las otras<\/p>\n<p><a title=\"Causas de los despidos colectivos | Iberley\" href=\"https:\/\/www.iberley.es\/temas\/causas-despidos-colectivos-65281\" target=\"_blank\" rel=\"noopener noreferrer\"><strong><em>Causas<\/em><\/strong> justificativas del <strong><em>despido colectivo<\/em>. Ha de fundamentarse en alguna de las <em>causas<\/em> fijadas por el art. 51 del ET: econ\u00f3micas, t\u00e9cnicas, organizativas o de producci\u00f3n<\/strong> \u2197<\/a><\/p>\n","protected":false},"excerpt":{"rendered":"<p>\u00bfQu\u00e9 Causas justifican un\u00a0Despido Colectivo o ERE? \u00bfQu\u00e9 hacer si resulto afectado por un\u00a0ERE? Te vamos a explicar resumidamente qu\u00e9 es y cu\u00e1ndo se puede hablar de\u00a0ERE o\u00a0despido colectivo, cu\u00e1les son sus causas que lo justifican; para despu\u00e9s indicarte qu\u00e9 puedes hacer en caso de que te hayas visto\u00a0afectado por un ERE. \u00bfQu\u00e9 es y &hellip; <a href=\"http:\/\/www.indemnizaciondespido.com\/blog\/despido-colectivo-causas-ere.php\" class=\"more-link\">Continuar leyendo<span class=\"screen-reader-text\"> \u00abCAUSAS ERE, Despido Colectivo Procedente\u00bb<\/span><\/a><\/p>\n","protected":false},"author":1,"featured_media":0,"comment_status":"closed","ping_status":"open","sticky":false,"template":"","format":"standard","meta":{"footnotes":""},"categories":[87],"tags":[88,91,92,90,89,63,95],"_links":{"self":[{"href":"http:\/\/www.indemnizaciondespido.com\/blog\/wp-json\/wp\/v2\/posts\/1029"}],"collection":[{"href":"http:\/\/www.indemnizaciondespido.com\/blog\/wp-json\/wp\/v2\/posts"}],"about":[{"href":"http:\/\/www.indemnizaciondespido.com\/blog\/wp-json\/wp\/v2\/types\/post"}],"author":[{"embeddable":true,"href":"http:\/\/www.indemnizaciondespido.com\/blog\/wp-json\/wp\/v2\/users\/1"}],"replies":[{"embeddable":true,"href":"http:\/\/www.indemnizaciondespido.com\/blog\/wp-json\/wp\/v2\/comments?post=1029"}],"version-history":[{"count":24,"href":"http:\/\/www.indemnizaciondespido.com\/blog\/wp-json\/wp\/v2\/posts\/1029\/revisions"}],"predecessor-version":[{"id":1148,"href":"http:\/\/www.indemnizaciondespido.com\/blog\/wp-json\/wp\/v2\/posts\/1029\/revisions\/1148"}],"wp:attachment":[{"href":"http:\/\/www.indemnizaciondespido.com\/blog\/wp-json\/wp\/v2\/media?parent=1029"}],"wp:term":[{"taxonomy":"category","embeddable":true,"href":"http:\/\/www.indemnizaciondespido.com\/blog\/wp-json\/wp\/v2\/categories?post=1029"},{"taxonomy":"post_tag","embeddable":true,"href":"http:\/\/www.indemnizaciondespido.com\/blog\/wp-json\/wp\/v2\/tags?post=1029"}],"curies":[{"name":"wp","href":"https:\/\/api.w.org\/{rel}","templated":true}]}}