{"id":1052,"date":"2022-03-10T11:19:45","date_gmt":"2022-03-10T10:19:45","guid":{"rendered":"http:\/\/www.indemnizaciondespido.com\/blog\/?p=1052"},"modified":"2023-06-16T12:31:32","modified_gmt":"2023-06-16T10:31:32","slug":"indemnizacion-despido-colectivo-ere","status":"publish","type":"post","link":"http:\/\/www.indemnizaciondespido.com\/blog\/indemnizacion-despido-colectivo-ere.php","title":{"rendered":"Indemnizaci\u00f3n por Despido Colectivo o ERE 2023: \u00bfCu\u00e1nto es?"},"content":{"rendered":"<h2><strong>\u00bfQu\u00e9 <em>indemnizaci\u00f3n<\/em> me corresponde si me afecta un <em>ERE o despido colectivo<\/em>?<\/strong><\/h2>\n<h3><strong><em>C\u00e1lculo de Indemnizaci\u00f3n<\/em> por <\/strong><em><strong>despido colectivo<\/strong><\/em><\/h3>\n<div class=\"ladillo boxShadow\"><q>La <strong><em>indemnizaci\u00f3n<\/em><\/strong> por ERE ser\u00e1 como m\u00ednimo de <strong>20 d\u00edas por a\u00f1o<\/strong> trabajado<\/q><\/div>\n<p class=\"dropCap\">En el <strong>caso de los <em>despidos colectivos<\/em> por <em><abbr title=\"Expediente de Regulaci\u00f3n de Empleo\">ERE<\/abbr><\/em><\/strong>, simult\u00e1neamente con la <strong>entrega de la <em>carta de despido<\/em> al trabajador<\/strong>, la empresa debe poner a su disposici\u00f3n la <strong><em>indemnizaci\u00f3n<\/em> correspondiente de 20 d\u00edas por a\u00f1o<\/strong> trabajado con un m\u00e1ximo de doce mensualidades o las que se hubieran negociado.<\/p>\n<p><!--more Leer m\u00e1s sobre C\u00e1lculo de Indemnizaci\u00f3n por ERE o despido colectivo--><\/p>\n<p>Seg\u00fan se dice en la\u00a0web oficial del <strong>Ministerio de Trabajo<\/strong> y Econom\u00eda Social:<\/p>\n<blockquote cite=\"https:\/\/www.mites.gob.es\/es\/Guia\/texto\/guia_7\/contenidos\/guia_7_18_2.htm\">\n<h3><strong>Indemnizaciones en despidos colectivos<\/strong><\/h3>\n<p class=\"dropCap\">En los casos que con motivo de un <strong>procedimiento de regulaci\u00f3n de empleo<\/strong> se extinguiera la relaci\u00f3n laboral de los trabajadores, la <em><strong>indemnizaci\u00f3n<\/strong><\/em> ser\u00e1, en los casos de acuerdo entre las partes la fijada en los mismos y como m\u00ednimo en todos los casos de <strong>veinte d\u00edas de salario por a\u00f1o<\/strong> de servicio, prorrate\u00e1ndose por meses los per\u00edodos de tiempo inferiores a un a\u00f1o, con un m\u00e1ximo de doce mensualidades.<\/p>\n<\/blockquote>\n<p>Seg\u00fan esto, <strong>la cantidad de <em>indemnizaci\u00f3n<\/em> depender\u00e1 del <em>acuerdo<\/em><\/strong> alcanzado entre la empresa y los representantes de los trabajadores.<\/p>\n<p>A este <em>acuerdo<\/em> se llega en unas <em>negociaciones<\/em> que forman parte de un <em>procedimiento<\/em>, que si bien es algo complejo, lo explicamos m\u00e1s abajo en este art\u00edculo con la mayor sencillez posible.<\/p>\n<hr \/>\n<h3>\u00bfPuede un <strong>despido <em>colectivo ser nulo<\/em> o improcedente<\/strong>?<\/h3>\n<p class=\"dropCap\">Si un tribunal determina que la empresa no ha cumplido con todos los tr\u00e1mites legales requeridos en el <em><abbr title=\"Expediente de Regulaci\u00f3n de Empleo\">ERE<\/abbr><\/em>, se podr\u00eda <strong>declarar el\u00a0despido <em>colectivo nulo<\/em> o improcedente<\/strong>.<\/p>\n<h4>Causas del\u00a0<strong>ERE<em>\u00a0nulo<\/em> o improcedente<\/strong><\/h4>\n<p>En el caso de un <strong>despido colectivo o ERE<\/strong>, se califican como nulos los procedimientos en los que se produzca, entre otras:<\/p>\n<p class=\"dropCap\">\u2716 Vulneraci\u00f3n de derechos fundamentales, tales como <em>despido discriminatorio<\/em>. Por ejemplo, si <strong>se ha incluido en el ERE a una trabajadora <em>embarazada<\/em><\/strong>\u00a0por el mero hecho de su<strong> embarazo<\/strong><\/p>\n<p class=\"dropCap\">\u2716 Se <em>incumpla el procedimiento<\/em> legalmente establecido<\/p>\n<p class=\"dropCap\">\u2716 No se respete la buena fe negocial durante el per\u00edodo de consultas<\/p>\n<p class=\"dropCap\">\u2716 Se incurra en fraude, dolo, coacci\u00f3n o abuso de derecho en el acuerdo alcanzado con los trabajadores<\/p>\n<p>Tendr\u00edamos pues, dos posibilidades:<\/p>\n<p class=\"dropCap\">1. Que el <strong>ERE sea declarado <em>NULO<\/em><\/strong><\/p>\n<p class=\"dropCap\">2.\u00a0Que el <strong>ERE sea declarado <em>IMPROCEDENTE<\/em><\/strong><\/p>\n<hr \/>\n<h3>1. <strong><em>ERE<\/em> o\u00a0despido <em>colectivo NULO<\/em><\/strong><\/h3>\n<p class=\"dropCap\">En el <strong>caso de que se declare <em>nulo<\/em><\/strong>, la empresa deber\u00e1 <strong><em>readmitir<\/em> a los trabajadores<\/strong> afectados y pagarles los <em>salarios<\/em> correspondientes al periodo en el que estuvieron desempleados, es lo que se conoce como <em><strong>salarios de tramitaci\u00f3n<\/strong><\/em>.<\/p>\n<p>Si el empresario acredita o demuestra\u00a0<strong>no poder readmitir al trabajador<\/strong> por cese o <em>cierre de la empresa<\/em> o por cualquier otra causa de imposibilidad, el juez declarar\u00e1 extinguida la relaci\u00f3n laboral y acordar\u00e1 que se abonen al afectado las <em><strong>indemnizaciones<\/strong><\/em> y los salarios dejados de percibir.<\/p>\n<hr \/>\n<h3>2. <em>Indemnizaci\u00f3n<\/em><strong> por ERE\u00a0<em>improcedente<\/em><\/strong><\/h3>\n<p class=\"dropCap\">Si el <strong>despido <em>colectivo<\/em> se declara <em>improcedente<\/em><\/strong>,\u00a0la empresa podr\u00e1 optar entre readmitir a los trabajadores en las mismas condiciones que ten\u00edan antes del <em>despido<\/em> con abono de los <em>salarios de tramitaci\u00f3n<\/em> o\u00a0abonarles las \u00a0<strong><em>indemnizaciones<\/em> establecidas en la ley\u00a0para el <em>despido improcedente<\/em><\/strong>.<\/p>\n<p>En el <strong>caso de un despido improcedente derivado de un <abbr title=\"Expediente de Regulaci\u00f3n de Empleo\">ERE<\/abbr>, la <em>indemnizaci\u00f3n<\/em><\/strong> suele ser de <strong>33 d\u00edas de salario por a\u00f1o<\/strong>\u00a0trabajado, con un l\u00edmite m\u00e1ximo de 24 mensualidades.<\/p>\n<p>EJEMPLO:<\/p>\n<p>Esto significa que, si un empleado ha trabajado durante 10 a\u00f1os en la empresa y su salario mensual es de 2.000 euros, su <strong>indemnizaci\u00f3n ser\u00eda de 16.500 euros<\/strong> (33 d\u00edas x 10 a\u00f1os x 2.000 euros \/ 365 d\u00edas).<\/p>\n<p>Es importante tener en cuenta que estos c\u00e1lculos son solo ejemplos pr\u00e1cticos y pueden variar en funci\u00f3n de los <em>acuerdos<\/em> a los que se hayan llegado en el <em>periodo de negociaciones<\/em>.<\/p>\n<hr \/>\n<h2><strong>\u00bfEn qu\u00e9 consiste el <em>PROCEDIMIENTO de Despido Colectivo o ERE<\/em>?<\/strong><\/h2>\n<p class=\"dropCap\">El procedimiento lo inicia el empresario, cuando concurran <strong><em>causas<\/em> econ\u00f3micas, t\u00e9cnicas, organizativas o de producci\u00f3n<\/strong>.<\/p>\n<h4><strong>Apertura del <em>periodo de consultas<\/em><\/strong><\/h4>\n<p>En primer lugar se abrir\u00e1 un <strong><em>periodo de consultas<\/em> con los representantes legales<\/strong> de los trabajadores que hayan sido elegidos <strong>para negociar el <em>ERE<\/em><\/strong>.<\/p>\n<p>La apertura del <em>periodo de consultas<\/em> se debe <strong>comunicar tambi\u00e9n, simult\u00e1neamente, a la Autoridad\u00a0 <em>Laboral<\/em><\/strong> Competente.<\/p>\n<p>Tambi\u00e9n habr\u00e1 que comunicarle el resultado de las consultas efectuadas a la finalizaci\u00f3n de dicho per\u00edodo.<\/p>\n<h4>\u00bfQu\u00e9 documentaci\u00f3n es necesaria?<\/h4>\n<p class=\"dropCap\">Junto con la comunicaci\u00f3n del <em>periodo de consultas<\/em>, la empresa debe incluir una serie de documentos entre los que se encuentran aquellos necesarios para demostrar o <strong>acreditar que concurren las <em>causas<\/em> que han dado lugar al <em>ERE<\/em><\/strong>, as\u00ed como el listado de los <strong>trabajadores que van a resultar afectados por este <em>despido colectivo<\/em><\/strong>,\u00a0 y los criterios de su selecci\u00f3n, entre otros.<\/p>\n<p>Si la comunicaci\u00f3n no re\u00fane todos los requisitos, la Autoridad Laboral solicitar\u00e1 al empresario que lo subsane.<\/p>\n<h3>Reuniones para llegar a un ACUERDO<\/h3>\n<p class=\"dropCap\">Una vez comunicada la apertura del <em>per\u00edodo de consultas<\/em>, se proceder\u00e1 a abrir el mismo. Durante este periodo las partes se reunir\u00e1n seg\u00fan un calendario fijado para intentar llegar a un <em>acuerdo<\/em>.<\/p>\n<h3><strong>Finalizaci\u00f3n del <em>periodo de consultas<\/em><\/strong><\/h3>\n<p class=\"dropCap\">Si las partes llegasen a un acuerdo, el periodo de consultas se terminar\u00e1. Tambi\u00e9n podr\u00e1 acordarse su finalizaci\u00f3n si las partes manifiesten la imposibilidad de llegar a alg\u00fan acuerdo.<\/p>\n<p>El <strong>empresario debe comunicar a la Autoridad <em>Laboral<\/em> la finalizaci\u00f3n del periodo de consultas<\/strong> en el plazo legalmente establecido.<\/p>\n<p>Si se hubiese llegado a un <em>acuerdo,<\/em> le trasladar\u00e1 copia del mismo.<\/p>\n<h3><strong>Despido <em>Colectivo<\/em> SIN Acuerdo <\/strong><\/h3>\n<p class=\"dropCap\">Si <strong>no se hubiera alcanzado ning\u00fan <\/strong><em><strong>acuerdo<\/strong>,<\/em> el empresario remitir\u00e1 a los representantes de los trabajadores u a la Autoridad <em>Laboral<\/em> la <strong>decisi\u00f3n final de proceder al <em>despido colectivo<\/em><\/strong> de los trabajadores afectados y las condiciones del mismo.<\/p>\n<h3>Obligaciones de la empresa en un <em><strong>despido colectivo o ERE<\/strong><\/em><\/h3>\n<p class=\"dropCap\">La <strong>empresa tiene la obligaci\u00f3n de notificar por escrito y de forma individual a cada trabajador afectado, su <em>despido<\/em><\/strong>. Deber\u00e1, pues, entregarle una <em><strong>carta de despido<\/strong><\/em> en el que se especifiquen las causas de dicho <em>despido.<\/em><\/p>\n<hr \/>\n<p>CONCLUSIONES<\/p>\n<p class=\"dropCap\">\u2713Como se puede ver, si te has visto afectado por un\u00a0 ERE, la indemnizaci\u00f3n que vas a recibir depender\u00e1 mucho de las <strong>negociaciones del procedimiento\u00a0del\u00a0<em>despido colectivo<\/em><\/strong>.<\/p>\n<div class=\"ladillo boxShadow\">\n<q>Peleamos por conseguirte la mejor <strong><em>indemnizaci\u00f3n<\/em><\/strong> para ti<\/q><\/div>\n<p>Estas negociaciones suelen ser MUY COMPLEJAS y requieren un buen <strong><em>abogado<\/em> especializado en esta clase de <em>despidos<\/em><\/strong><em>\u00a0<\/em>con mucha experiencia en la materia para\u00a0poder defender vuestros intereses.<\/p>\n<p>Solo as\u00ed se llegar\u00e1 a unas <strong>condiciones del despido ventajosas<\/strong>\u00a0y conseguir\u00e1s la mejor <em><strong>indemnizaci\u00f3n<\/strong><\/em> posible.<\/p>\n<h4>A&amp;G, <strong>Ayala y Gonz\u00e1lez <em>Abogados<\/em><\/strong><\/h4>\n<p class=\"dropCap\">\u265c Defensa en <em>Despidos<\/em>: los <strong>Abogados <em>Laboralistas<\/em> en Madrid<\/strong> de Ayala y Gonz\u00e1lez <em>Abogados<\/em>.<\/p>\n<p class=\"dropCap\">Somos un <strong>despacho especializado en Derecho <em>Laboral<\/em><\/strong>, con mas de <strong>25 a\u00f1os de experiencia<\/strong> profesional en la defensa de los derechos de trabajadores\/as.<\/p>\n<h4>No te quedes con dudas, llama<\/h4>\n<p>Ll\u00e1mame y hazme tu <strong><em>consulta gratuita<\/em><\/strong>. No tienes nada que perder y <span class=\"txtBold\">s\u00ed, mucho que ganar<\/span>.<\/p>\n<p class=\"tlfBig\">915 91 40 43<\/p>\n<p><a title=\"Consulta GRATIS con el Abogado Laboral sobre tu Despido\" href=\"..\/consulta-abogado-laboral-gratis-madrid.php\">\u2709 Si tienes dudas, preg\u00fantame: soy Julio Gonz\u00e1lez, <strong>Abogado Laboralista<\/strong> con despacho en <em>Madrid<\/em>. <strong>CONSULTA gratuitamente<\/strong> tu caso conmigo \u27a8<\/a><\/p>\n<hr \/>\n<p>NOTICIA RELACIONADA<\/p>\n<h3>La <strong><em>Indemnizaci\u00f3n<\/em> por despido colectivo o <em>ERE<\/em>, exenta en el IRPF<\/strong><\/h3>\n<p>La existencia de un <em>acuerdo<\/em> entre empresario y trabajador para que \u00e9ste se adscriba al <strong>Expediente de Regulaci\u00f3n de Empleo (<em>ERE<\/em><\/strong>) no cambia el origen de la extinci\u00f3n laboral o <em>despido<\/em>, que sigue siendo la <strong><em>causa<\/em> econ\u00f3mica, organizativa o productiva en la que se basa el <em>despido colectivo<\/em><\/strong>. Por ello, el Tribunal Superior de Justicia de Navarra ha decidido que la <strong><em>indemnizaci\u00f3n<\/em> percibida por el empleado incluido en el ERE<\/strong>, aunque sea de forma voluntaria, quede <strong>exenta en el IRPF, al igual que cualquier otra <em>indemnizaci\u00f3n<\/em> en casos de <em>despido colectivo<\/em><\/strong>.<\/p>\n<p><a title=\" La indemnizaci\u00f3n por ERE est\u00e1 exenta, aunque el empleado se adhiera voluntariamente\" href=\" https:\/\/cincodias.elpais.com\/cincodias\/2021\/05\/05\/legal\/1620215798_984761.html\" target=\"_blank\" rel=\"noopener noreferrer\">La <strong><em>Indemnizaci\u00f3n<\/em> por despido colectivo o ERE<\/strong> no hay que declararla a Hacienda \u2197<\/a><\/p>\n","protected":false},"excerpt":{"rendered":"<p>\u00bfQu\u00e9 indemnizaci\u00f3n me corresponde si me afecta un ERE o despido colectivo? C\u00e1lculo de Indemnizaci\u00f3n por despido colectivo La indemnizaci\u00f3n por ERE ser\u00e1 como m\u00ednimo de 20 d\u00edas por a\u00f1o trabajado En el caso de los despidos colectivos por ERE, simult\u00e1neamente con la entrega de la carta de despido al trabajador, la empresa debe poner &hellip; <a href=\"http:\/\/www.indemnizaciondespido.com\/blog\/indemnizacion-despido-colectivo-ere.php\" class=\"more-link\">Continuar leyendo<span class=\"screen-reader-text\"> \u00abIndemnizaci\u00f3n por Despido Colectivo o ERE 2023: \u00bfCu\u00e1nto es?\u00bb<\/span><\/a><\/p>\n","protected":false},"author":1,"featured_media":0,"comment_status":"closed","ping_status":"open","sticky":false,"template":"","format":"standard","meta":{"footnotes":""},"categories":[87],"tags":[35,81],"_links":{"self":[{"href":"http:\/\/www.indemnizaciondespido.com\/blog\/wp-json\/wp\/v2\/posts\/1052"}],"collection":[{"href":"http:\/\/www.indemnizaciondespido.com\/blog\/wp-json\/wp\/v2\/posts"}],"about":[{"href":"http:\/\/www.indemnizaciondespido.com\/blog\/wp-json\/wp\/v2\/types\/post"}],"author":[{"embeddable":true,"href":"http:\/\/www.indemnizaciondespido.com\/blog\/wp-json\/wp\/v2\/users\/1"}],"replies":[{"embeddable":true,"href":"http:\/\/www.indemnizaciondespido.com\/blog\/wp-json\/wp\/v2\/comments?post=1052"}],"version-history":[{"count":28,"href":"http:\/\/www.indemnizaciondespido.com\/blog\/wp-json\/wp\/v2\/posts\/1052\/revisions"}],"predecessor-version":[{"id":1310,"href":"http:\/\/www.indemnizaciondespido.com\/blog\/wp-json\/wp\/v2\/posts\/1052\/revisions\/1310"}],"wp:attachment":[{"href":"http:\/\/www.indemnizaciondespido.com\/blog\/wp-json\/wp\/v2\/media?parent=1052"}],"wp:term":[{"taxonomy":"category","embeddable":true,"href":"http:\/\/www.indemnizaciondespido.com\/blog\/wp-json\/wp\/v2\/categories?post=1052"},{"taxonomy":"post_tag","embeddable":true,"href":"http:\/\/www.indemnizaciondespido.com\/blog\/wp-json\/wp\/v2\/tags?post=1052"}],"curies":[{"name":"wp","href":"https:\/\/api.w.org\/{rel}","templated":true}]}}