{"id":1072,"date":"2022-04-22T13:16:18","date_gmt":"2022-04-22T11:16:18","guid":{"rendered":"http:\/\/www.indemnizaciondespido.com\/blog\/?p=1072"},"modified":"2023-06-16T12:44:46","modified_gmt":"2023-06-16T10:44:46","slug":"impugnar-ere-despido-colectivo","status":"publish","type":"post","link":"http:\/\/www.indemnizaciondespido.com\/blog\/impugnar-ere-despido-colectivo.php","title":{"rendered":"C\u00f3mo Impugnar un ERE o Despido Colectivo: Defi\u00e9ndete"},"content":{"rendered":"<h2><strong>\u00bfQu\u00e9 puedo hacer si mi empresa decide un <em>despido colectivo<\/em> y me afecta? \u00bfPuedo <em>impugnarlo<\/em> individualmente?<\/strong><\/h2>\n<h3><strong>C\u00f3mo <em>Impugnar<\/em> un <em>ERE<\/em><\/strong><\/h3>\n<p class=\"dropCap\">La decisi\u00f3n de la empresa de realizar un <strong><em>despido colectivo<\/em>, puede ser <em>impugnada<\/em><\/strong> ante la jurisdicci\u00f3n social.<\/p>\n<p>Aunque\u00a0los representantes de los trabajadores hayan firmado con la empresa un acuerdo, t\u00fa puedes <strong><em>impugnar<\/em> el <em>ERE<\/em> que te afecta<\/strong>.<\/p>\n<div class=\"ladillo boxShadow\"><q>Si te <strong>afecta un <em>ERE o despido colectivo<\/em><\/strong>, NO TE CONFORMES<\/q><\/div>\n<p>En este art\u00edculo te explicamos\u00a0de la forma m\u00e1s clara posible todo el procedimiento del <strong><em>despido colectivo<\/em><\/strong> y en qu\u00e9 casos puedes <strong>presentar una <em>demanda<\/em> individual ante tu <em>despido<\/em><\/strong>.<\/p>\n<p><!--more Leer m\u00e1s sobre C\u00f3mo Impugnar un ERE --><\/p>\n<h3><strong>\u00bfQUI\u00c9N puede <em>impugnar<\/em> un <em>despido colectivo o ERE<\/em>?<\/strong><\/h3>\n<p>Son cuatro las entidades que pueden <em>impugnarlo<\/em>:<\/p>\n<p class=\"dropCap\">1. Los representantes legales de los trabajadores.<\/p>\n<p class=\"dropCap\">2. Los trabajadores afectados.<\/p>\n<p class=\"dropCap\">3. La Autoridad <em>Laboral<\/em>.<\/p>\n<p class=\"dropCap\">4. La propia empresa.<\/p>\n<hr \/>\n<h2><strong><em>Impugnar<\/em> un Despido colectivo o <em>ERE<\/em> por parte de los representantes de los trabajadores<\/strong><\/h2>\n<h3><strong>\u00bfEn qu\u00e9 <em>PLAZO<\/em> se puede <em>impugnar<\/em> el <em>ERE<\/em>?<\/strong><\/h3>\n<p class=\"dropCap\">El <strong><em>plazo<\/em> es de 20 d\u00edas<\/strong> h\u00e1biles (sin contar s\u00e1bados, domingos ni festivos), desde la fecha en que <strong>se haya alcanzado el <em>acuerdo<\/em><\/strong>, entre empresa y representantes de los trabajadores, en el <em>periodo de consultas<\/em>.<\/p>\n<p>Si <strong>no se alcanzase <em>acuerdo<\/em>, el <em>plazo<\/em> de 20 d\u00edas<\/strong> comienza a contarse desde que la empresa comunique a los representantes de los trabajadores la <strong>decisi\u00f3n de proceder al <em>despido colectivo<\/em><\/strong>.<\/p>\n<h3><strong>\u00bfCU\u00c1NDO pueden <em>impugnar<\/em> los representantes de los trabajadores el <em>ERE<\/em> o <em>despido colectivo<\/em>?<\/strong><\/h3>\n<p class=\"dropCap\">En los casos de <strong>Despido <em>Colectivo<\/em> SIN acuerdo<\/strong><\/p>\n<p>Cuando los representantes de los trabajadores <strong>no hayan alcanzado un <em>acuerdo<\/em><\/strong> con la empresa en el <em>periodo de negociaci\u00f3n<\/em>, y la empresa haya decidido <strong>realizar el <em>despido colectivo<\/em><\/strong>, los <strong>representantes de los trabajadores podr\u00e1n <em>impugnar<\/em> el <em>ERE<\/em><\/strong>.<\/p>\n<div class=\"ladillo boxShadow\"><q>Aunque haya acuerdo podr\u00e1n <strong>impugnar<\/strong> los representantes que no hayan firmado<\/q><\/div>\n<p>Tambi\u00e9n podr\u00e1n <strong>impugnarlo<\/strong> aquellos <strong>representantes que no hubieran firmado el <em>acuerdo<\/em> alcanzado en el <em>periodo de consultas<\/em><\/strong>.<\/p>\n<p>En este caso <strong>se deber\u00e1 <em>demandar<\/em><\/strong>, adem\u00e1s de a la empresa, <strong>a los representantes de los trabajadores que si <em>firmaron<\/em> el acuerdo del <em>despido colectivo<\/em><\/strong>.<\/p>\n<h3><strong>Legislaci\u00f3n para <em>impugnar<\/em> un <em>ERE<\/em><\/strong><\/h3>\n<p class=\"dropCap\">El Procedimiento que seguir\u00e1 esta <strong><em>demanda<\/em><\/strong> est\u00e1 establecido en el art\u00edculo 124 de la Ley Reguladora de la Jurisdicci\u00f3n Social, <strong><abbr title=\"Ley Reguladora de la Jurisdicci\u00f3n Social\">LRJS<\/abbr><\/strong>).<\/p>\n<div class=\"ladillo boxShadow\"><q><strong>No hace falta presentar la <em>papeleta de conciliaci\u00f3n<\/em><\/strong><\/q><\/div>\n<p><strong>No es necesario presentar una <em>papeleta de conciliaci\u00f3n<\/em><\/strong> previa. Es decir, que se puede <strong>interponer la <em>demanda<\/em> directamente<\/strong> ante la jurisdicci\u00f3n social.<\/p>\n<h3><strong>Plazo para <em>impugnar<\/em> un despido colectivo o <em>ERE<\/em><\/strong><\/h3>\n<p class=\"dropCap\">El <strong><em>plazo<\/em> para demandar<\/strong>, como ya hemos indicado, ser\u00e1 el de <strong>20 d\u00edas<\/strong> h\u00e1biles que comenzaran a contar desde la fecha del acuerdo alcanzado, o desde la notificaci\u00f3n a los <em>representantes de los trabajadores<\/em> de la decisi\u00f3n del <em>despido colectivo<\/em> si no se hubiera alcanzado <em>acuerdo<\/em>.<\/p>\n<h2><strong><em>Demandar<\/em> un Despido colectivo o <em>ERE<\/em> por parte de los representantes<\/strong><\/h2>\n<h3><strong>\u00bfPor qu\u00e9 CAUSAS pueden <em>impugnar<\/em>, los representantes legales de los trabajadores, el ERE?<\/strong><\/h3>\n<p>Pueden ser las siguientes:<\/p>\n<p class=\"dropCap\">\u261b La <strong><em>causa<\/em> para hacer el <em>despido colectivo<\/em> es falsa<\/strong><\/p>\n<p>Esto es, porque no concurra la <em>causa<\/em> legal por la que la empresa ha procedido a realizar el <em>despido colectivo<\/em>. Es decir, que <strong>no se den las <em>causas<\/em> econ\u00f3micas, t\u00e9cnicas, organizativas o de producci\u00f3n alegadas por la empresa<\/strong>.<\/p>\n<p class=\"dropCap\">\u261b Que <strong>no se haya realizado el <em>periodo de consultas<\/em><\/strong>, o no se haya entregado la documentaci\u00f3n exigida legalmente para esta clase de despido, o no se haya respetado el procedimiento establecido en el art\u00edculo 51.7 del <em>Estatuto de los Trabajadores<\/em>.<\/p>\n<p class=\"dropCap\">\u261b Que la decisi\u00f3n extintiva, o sea la de <em>despedir<\/em>, se haya tomado con dolo, <strong>fraude<\/strong>, coacci\u00f3n o abuso de derecho, por parte del empresario.<\/p>\n<p class=\"dropCap\">\u261b Que <strong>se hayan <em>vulnerado derechos fundamentales<\/em><\/strong> y libertades p\u00fablicas.<\/p>\n<h3><strong>\u00bfQu\u00e9 <em>SENTENCIA<\/em>\u00a0se puede dictar en caso de <em>impugnaci\u00f3n<\/em> del <em>despido colectivo<\/em> por los representantes de los trabajadores?<\/strong><\/h3>\n<p>La <strong><em>Sentencia<\/em><\/strong> puede declarar que:<\/p>\n<p class=\"dropCap\">1. El <strong><em>despido colectivo<\/em> es ajustado a derecho<\/strong>:<\/p>\n<p>Cuando el empresario, habiendo cumplido lo previsto en los art\u00edculos 51.2 o 51.7 del <em>Estatuto de los Trabajadores<\/em>, acredite la concurrencia de la <em>causa<\/em> legal esgrimida.<\/p>\n<p>Esto se dar\u00e1 cuando <strong>el empresario logre demostrar que las <em>causas<\/em><\/strong> que aleg\u00f3 para justificar el <em>despido colectivo<\/em>, por tanto, dichas <em>causas<\/em> son reales y se han cumplido todas las exigencias legales en la tramitaci\u00f3n del <em>despido colectivo<\/em>.<\/p>\n<p>En este caso el <strong><em>despido colectivo<\/em> ser\u00e1 declarado <em>PROCEDENTE<\/em><\/strong>.<\/p>\n<p class=\"dropCap\">2. Que <strong>no sea ajustada a <em>derecho<\/em>:<\/strong><\/p>\n<p>Se da cuando <strong>la empresa no logre demostrar las <em>causas<\/em><\/strong> en las que se bas\u00f3 para proceder al <em>despido colectivo<\/em>.<\/p>\n<p>En este caso la empresa\u00a0 podr\u00e1 optar entre <strong>abonar a los trabajadores la <em>indemnizaci\u00f3n<\/em> correspondiente a un <em>despido improcedente<\/em><\/strong>, o bien <strong>readmitir a los trabajadores<\/strong> en las mismas condiciones que ten\u00edan antes del <em>despido colectivo<\/em>, <strong>debiendo pagarles, en este caso los <em>salarios de tramitaci\u00f3n<\/em><\/strong> generados <strong>desde la fecha del <em>despido colectivo<\/em><\/strong> hasta la fecha en que se reincorporen a la empresa.<\/p>\n<p class=\"dropCap\">3. <strong>Declaraci\u00f3n de <i>NULIDAD\u00a0<\/i>del <em>despido colectivo<\/em><\/strong>:<\/p>\n<p>Se da cuando:<\/p>\n<p class=\"dropCap\">\u261b El empresario <strong>no haya realizado el <em>periodo de consultas<\/em><\/strong>;<\/p>\n<p class=\"dropCap\">\u261b El empresario <strong>no haya entregado la <em>documentaci\u00f3n<\/em><\/strong> a que est\u00e1 obligado;<\/p>\n<p class=\"dropCap\">\u261b Cuando <strong>no haya respetado el procedimiento<\/strong> previsto para los <em>despidos colectivos<\/em>;<\/p>\n<p class=\"dropCap\">\u261b Cuando se haya <strong>vulnerado <em>derechos fundamentales<\/em><\/strong> y libertades p\u00fablicas<\/p>\n<p class=\"dropCap\">\u261b Cuando no haya obtenido la autorizaci\u00f3n del juez del concurso en aquellos casos en que sea necesaria.<\/p>\n<p>En estos casos, <strong>los despidos se declarar\u00e1n nulos y la empresa deber\u00e1 reincorporar<\/strong> de nuevo a los trabajadores, y tendr\u00e1 que <strong>abonarles los <em>salarios de tramitaci\u00f3n<\/em><\/strong>, que son los salarios dejados de percibir desde que fueron <em>despedidos<\/em> hasta la fecha en la que se reincorporen.<\/p>\n<p>El trabajador por su parte, tendr\u00e1 la obligaci\u00f3n de reincorporarse a la empresa de nuevo y <strong>devolver la <em>indemnizaci\u00f3n<\/em><\/strong> que se le hubiere abonado por su <em>despido<\/em>.<\/p>\n<p>Si el trabajador no se reincorpora a su puesto de trabajo se considerar\u00e1 <strong>como <em>baja voluntaria<\/em><\/strong> en la empresa. Tendr\u00e1 <strong>derecho a cobrar los <em>salarios de tramitaci\u00f3n<\/em>, pero no tendr\u00e1 derecho a percibir la <em>prestaci\u00f3n por desempleo<\/em><\/strong>.<\/p>\n<hr \/>\n<h2><strong><em>Impugnar<\/em> Individualmente un <em>Despido Colectivo<\/em><\/strong><\/h2>\n<h3>\u00bfPuedo yo tambi\u00e9n <em>impugnar<\/em> mi despido, aunque el <strong><em>ERE<\/em> haya sido <em>impugnado<\/em><\/strong> por los representantes de los trabajadores?<\/h3>\n<p class=\"dropCap\">Aunque el <strong><em>ERE o\u00a0<\/em><em>despido colectivo<\/em> sea <em>impugnado<\/em><\/strong> por los representantes legales de los trabajadores, esto no imposibilita que los trabajadores <strong><em>individualmente<\/em> puedan <em>impugnar<\/em> tambi\u00e9n su <em>despido<\/em><\/strong>.<\/p>\n<div class=\"ladillo boxShadow\"><q>Se suspender\u00e1 el plazo hasta la sentencia de la <em>demanda<\/em> de los representantes<\/q><\/div>\n<p>Lo que ocurrir\u00e1 en este caso es que <strong>se suspender\u00e1 el <em>plazo<\/em> de caducidad de 20 d\u00edas que tienen los trabajadores para <em>reclamar individualmente<\/em> su <em>despido<\/em><\/strong>.<\/p>\n<p>Si ya se hubieran <strong>empezado a tramitar los <em>despidos individuales<\/em><\/strong>, el procedimiento quedar\u00e1 <strong>en suspenso hasta que haya <em>sentencia<\/em><\/strong> firme en el procedimiento de <em>despido colectivo<\/em> iniciado por los representantes legales de los trabajadores.<br \/>\n<!-- _comentario\nEn este mismo art\u00edculo y un poco m\u00e1s abajo se\u00f1alamos una interesante actualizaci\u00f3n aparecida en prensa, sobre los aspectos particulares <strong>que se pueden <em>impugnar<\/em> en un <em>ERE<\/em><\/strong>.\n--><br \/>\nEl empresario tiene la obligaci\u00f3n de <strong>notificar a los trabajadores afectados la existencia del proceso de <em>impugnaci\u00f3n del despido colectivo<\/em><\/strong>, para que puedan comunicar al \u00f3rgano judicial un domicilio a efectos de que se les comunique la <em>sentencia<\/em> que recaiga en este procedimiento <em>colectivo<\/em>.<\/p>\n<h3><strong>\u00bfCu\u00e1ndo pueden <em>impugnar individualmente<\/em> los trabajadores?<\/strong><\/h3>\n<p class=\"dropCap\">Los trabajadores <strong>pueden impugnar su <em>despido<\/em> individualmente se haya alcanzado o no acuerdo en el <em>despido colectivo<\/em><\/strong>.<\/p>\n<div class=\"ladillo boxShadow\"><q><strong>Es obligatorio presentar antes la <em>papeleta de conciliaci\u00f3n<\/em><\/strong><\/q><\/div>\n<p>En este caso, el trabajador si est\u00e1 obligado a <strong>presentar una <em>papeleta de conciliaci\u00f3n<\/em><\/strong> ante la Administraci\u00f3n competente, <strong>antes de proceder a interponer la <em>demanda<\/em><\/strong> ante la jurisdicci\u00f3n social.<\/p>\n<p>Los <strong>trabajadores afectados por los <em>despidos<\/em> tambi\u00e9n podr\u00e1n impugnar su <em>despido<\/em><\/strong> a trav\u00e9s de la acci\u00f3n individual prevista en la Ley 36\/2011, de 10 de octubre.<\/p>\n<p>No obstante, <strong>la interposici\u00f3n de la <em>demanda<\/em> por los representantes de los trabajadores paralizar\u00e1 la tramitaci\u00f3n de las acciones individuales<\/strong> iniciadas, hasta la resoluci\u00f3n de aqu\u00e9lla.<\/p>\n<h3><strong>\u00bfC\u00f3mo <em>impugnar<\/em> individualmente mi <em>despido<\/em> si me ha afectado un <em>ERE<\/em>?<\/strong><\/h3>\n<p>El procedimiento a seguir en este caso es el mismo que se seguir\u00eda para cualquier procedimiento de <em>despido<\/em> individual pero con las siguientes particularidades y teniendo en cuenta estos casos:<\/p>\n<p class=\"dropCap\">A. El el despido colectivo o ERE NO ha sido <em>impugnado<\/em><\/p>\n<p class=\"dropCap\">B. El el despido S\u00ed ha sido <em>impugnado<\/em><\/p>\n<p class=\"dropCap\">C. Ha habido <strong><em>acuerdo<\/em> en el periodo de consultas<\/strong><\/p>\n<hr \/>\n<h5>A. <strong>Si el despido NO ha sido <em>impugnado<\/em> ni por los representantes de los trabajadores, ni por la Autoridad Laboral, ni por el propio empresario<\/strong><\/h5>\n<p class=\"dropCap\">El <strong><em>PLAZO<\/em> para <em>impugnar<\/em> individualmente<\/strong> comenzar\u00e1 a contarse una vez que hayan transcurrido los <strong>20 d\u00edas<\/strong> h\u00e1biles que tienen los representantes legales para <strong>demandar por el despido colectivo<\/strong>.<\/p>\n<p>Es decir, primero <strong>hay que esperar el <em>plazo<\/em> de 20 d\u00edas h\u00e1biles para que los representantes legales de los trabajadores impugnen el <em>despido colectivo<\/em><\/strong> y si estos no lo hacen, comenzar\u00e1 a correr el <em>plazo<\/em> de 20 d\u00edas para que los trabajadores individualmente <em>impugnen sus despidos<\/em>.<\/p>\n<h3><strong>\u00bfQu\u00e9 <em>SENTENCIA<\/em> puede dictar en caso de <em>impugnaci\u00f3n<\/em> individual de su <em>despido<\/em>?<\/strong><\/h3>\n<p>La <strong><em>Sentencia<\/em><\/strong> que resuelva el despido individual podr\u00e1 declarar el mismo:<\/p>\n<p>1. <strong>IMPROCEDENTE<\/strong>:<\/p>\n<p class=\"dropCap\">\u261b Si no se demuestra o acredita la causa extintiva.<\/p>\n<p>2. <strong>NULO<\/strong>:<\/p>\n<p class=\"dropCap\">\u261b Cuando <strong><em>no se haya realizado el per\u00edodo de consultas<\/em><\/strong>;<\/p>\n<p class=\"dropCap\">\u261b Cuando <strong>no se haya entregado la documentaci\u00f3n legalmente prevista en el <em>despido colectivo<\/em><\/strong>;<\/p>\n<p class=\"dropCap\">\u261b Cuando <strong>no se haya respetado el procedimiento establecido<\/strong> en el art\u00edculo 51.7 del <strong><em>Estatuto de los Trabajadores<\/em><\/strong>;<\/p>\n<p class=\"dropCap\">\u261b En el caso de que no se haya obtenido la autorizaci\u00f3n judicial del juez del concurso, en aquellos supuestos en los que est\u00e9 legalmente prevista.<\/p>\n<p class=\"dropCap\">\u261b Tambi\u00e9n ser\u00e1 <strong><em>nulo<\/em> cuando no se hayan respetado las prioridades de permanencia<\/strong> de determinados trabajadores, establecidas legalmente o en <em>convenio colectivo<\/em>.<\/p>\n<hr \/>\n<h5><strong>B. Si el despido <em>colectivo<\/em> ha sido <em>impugnado<\/em>:<\/strong><\/h5>\n<p class=\"dropCap\">El <strong><em>plazo<\/em><\/strong> de caducidad de 20 d\u00edas comienza a contar <strong>desde que haya <em>sentencia<\/em><\/strong> firme en el procedimiento de <em>despido colectivo<\/em>, o acuerdo en conciliaci\u00f3n judicial.<\/p>\n<p>La <em>sentencia<\/em> firme que recaiga en el procedimiento de <em>despido colectivo<\/em>, tendr\u00e1 eficacia de cosa juzgada sobre los procedimientos individuales. Esto quiere decir, que <strong>en los procedimientos de <em>despido individual<\/em> solo se podr\u00e1n plantear pretensiones acerca de aquellas cuestiones que no hayan sido abordadas en el procedimiento de <em>impugnaci\u00f3n colectivo<\/em><\/strong>.<\/p>\n<p>La <em>sentencia<\/em> que resuelva el procedimiento individual de <em>despido<\/em>, podr\u00e1 declarar el mismo <strong><em>nulo<\/em><\/strong> cuando la extinci\u00f3n o <strong><em>despido<\/em> se haya realizado sin respetar las <em>prioridades de permanencia<\/em><\/strong> establecidas en la ley, los <em>convenios colectivos<\/em> o el acuerdo al que se hubiere llegado.<\/p>\n<hr \/>\n<h5>C. <strong>\u00bfQu\u00e9 ocurre en los casos en que el <em>ERE<\/em> hubiera finalizado con ACUERDO?<\/strong><\/h5>\n<p class=\"dropCap\">En los casos en los que el ERE hubiere finalizado con <strong><em>acuerdo<\/em> en el periodo de consultas, el trabajador individualmente podr\u00e1 <em>demandar<\/em> a la empresa por su <em>despido<\/em><\/strong> en base a estas razones:<\/p>\n<p class=\"dropCap\">\u261b Por <strong>no respetar las <em>prioridades de permanencia<\/em><\/strong> establecidas en el acuerdo alcanzado en el <em>ERE<\/em>.<\/p>\n<p class=\"dropCap\">\u261b Por <strong>no seguirse el procedimiento<\/strong> establecido para proceder al <em>despido<\/em>.<\/p>\n<p class=\"dropCap\">\u261b Por <strong>no haberse entregado al trabajador la <em>carta de despido<\/em><\/strong>.<\/p>\n<p class=\"dropCap\">\u261b Por <strong>no abonar al trabajador la <em>indemnizaci\u00f3n<\/em><\/strong> legalmente prevista o la pactada, en su caso.<\/p>\n<hr \/>\n<h2><strong>\u00bfEn qu\u00e9 supuestos puede la Autoridad Laboral <em>impugnar<\/em> el <em>despido colectivo o ERE<\/em>?<\/strong><\/h2>\n<p class=\"dropCap\">En el caso de que en el procedimiento de <strong><em>despido colectivo<\/em> se llegara a un acuerdo<\/strong> entre empresa y los representantes legales de los trabajadores, la <strong>Autoridad Laboral puede <em>impugnar el despido<\/em><\/strong> cuando se den las siguientes circunstancias:<\/p>\n<p class=\"dropCap\">\u261b Cuando el acuerdo se haya alcanzado con dolo, coacci\u00f3n, <strong><em>fraude de ley<\/em><\/strong> o abuso de derecho.<\/p>\n<p class=\"dropCap\">\u261b Si el acuerdo alcanzado tiene como finalizad cometer un fraude contra el Servicio P\u00fablico de salud, es decir <strong>cuando el objetivo del acuerdo sea que los trabajadores puedan cobrar indebidamente la <em>Prestaci\u00f3n por desempleo o paro<\/em>, sin que haya <em>causa<\/em> legal que acredite los <em>despidos<\/em><\/strong>.<\/p>\n<hr \/>\n<h2><strong>\u00bfCu\u00e1ndo\u00a0 puede <em>impugnar el despido<\/em> la empresa?<\/strong><\/h2>\n<p class=\"dropCap\">La <strong>empresa tambi\u00e9n puede impugnar el <em>despido colectivo<\/em><\/strong>.<\/p>\n<p class=\"dropCap\">\u261b Cuando <strong>ni los representantes legales de los trabajadores ni la Autoridad Laboral impugnen el <em>despido colectivo<\/em><\/strong>, el empresario podr\u00e1 solicitar que se declare <strong>que el <em>despido<\/em> se ajusta a Derecho<\/strong>.<\/p>\n<p>La <em>demanda<\/em> que presenta el empresario deber\u00e1 dirigirse <strong>contra los <em>representantes legales<\/em><\/strong> de los trabajadores.<\/p>\n<p>Si el empresario presenta <strong>esta <em>demanda<\/em>, el <em>plazo<\/em> de caducidad de 20 d\u00edas<\/strong> que tienen los trabajadores <strong>para <em>demandar<\/em> individualmente se suspender\u00e1 hasta que recaiga <em>sentencia<\/em><\/strong> firme en este procedimiento.<\/p>\n<p>CONCLUSIONES<\/p>\n<p class=\"dropCap\">Como veis la <strong><em>impugnaci\u00f3n<\/em> de un <em>despido colectivo<\/em><\/strong>, es un tema MUY COMPLEJO que requiere la intervenci\u00f3n de un <strong><em>abogado<\/em> especializado y con experiencia en esta clase de <em>despidos<\/em><\/strong> para que puedas <strong>conseguir la m\u00e1xima <em>indemnizaci\u00f3n<\/em><\/strong> para ti.<\/p>\n<hr \/>\n<article>\n<header>\n<h4>A&amp;G, <strong>Ayala y Gonz\u00e1lez <em>Abogados<\/em><\/strong><\/h4>\n<\/header>\n<p class=\"dropCap\">\u265c Defensa en <em>Despidos<\/em>: los <strong>Abogados <em>Laboralistas<\/em> en Madrid<\/strong> de Ayala y Gonz\u00e1lez <em>Abogados<\/em>. Llevamos <strong>m\u00e1s de 25 a\u00f1os defendiendo a trabajadores, que como t\u00fa, se han visto afectados por un <em>despido colectivo<\/em><\/strong>.<\/p>\n<p>Si te ves en esta situaci\u00f3n, <strong>no dudes en consultarnos<\/strong>. La primera <strong>consulta es absolutamente <em>gratuita<\/em><\/strong> y sin ning\u00fan compromiso. No te costar\u00e1 nada saber qu\u00e9 derechos te asisten y las posibilidades reales de que tus <em>reclamaciones<\/em> prosperen.<\/p>\n<p class=\"dropCap\">Recuerda que debes <strong>Cumplir el PLAZO<\/strong>\u00a0de 20 d\u00edas h\u00e1biles que marca la Ley\u00a0\u27a8 INF\u00d3RMATE.<\/p>\n<p class=\"tlfBig\">915 91 40 43<\/p>\n<p><a title=\"Consulta GRATIS con el Abogado Laboral sobre tu Despido\" href=\"..\/consulta-abogado-laboral-gratis-madrid.php\">\u2709 Si tienes dudas, preg\u00fantame: soy Julio Gonz\u00e1lez, <strong>Abogado Laboralista<\/strong> con despacho en <em>Madrid<\/em>. <strong>CONSULTA gratuitamente<\/strong> tu caso conmigo \u27a8<\/a><\/p>\n<\/article>\n<hr \/>\n<p>NOTICIA RELACIONADA<\/p>\n<p>El <abbr title=\"Tribunal Constitucional\">TC<\/abbr> mediante sentencia n.\u00ba 140\/2021, de 12 de julio <strong>corrige la doctrina del Supremo<\/strong>, hasta ahora consolidada, que exclu\u00eda la posibilidad de que mediante procesos <strong>individuales de <em>impugnaci\u00f3n<\/em> se revisasen las causas del despido <em>colectivo<\/em><\/strong> en caso de acuerdo entre empresa y representaci\u00f3n legal de los trabajadores.<\/p>\n<p><a title=\"TITULO\" href=\"https:\/\/www.economistjurist.es\/actualidad-juridica\/jurisprudencia\/un-trabajador-podra-impugnar-las-causas-de-un-ere-acordado-entre-empresa-y-sindicato\/\" target=\"_blank\" rel=\"noopener noreferrer\"><strong>Un trabajador podr\u00e1 <em>impugnar<\/em> las causas de un ERE<\/strong> acordado entre empresa y sindicato \u2197<\/a><\/p>\n","protected":false},"excerpt":{"rendered":"<p>\u00bfQu\u00e9 puedo hacer si mi empresa decide un despido colectivo y me afecta? \u00bfPuedo impugnarlo individualmente? C\u00f3mo Impugnar un ERE La decisi\u00f3n de la empresa de realizar un despido colectivo, puede ser impugnada ante la jurisdicci\u00f3n social. Aunque\u00a0los representantes de los trabajadores hayan firmado con la empresa un acuerdo, t\u00fa puedes impugnar el ERE que &hellip; <a href=\"http:\/\/www.indemnizaciondespido.com\/blog\/impugnar-ere-despido-colectivo.php\" class=\"more-link\">Continuar leyendo<span class=\"screen-reader-text\"> \u00abC\u00f3mo Impugnar un ERE o Despido Colectivo: Defi\u00e9ndete\u00bb<\/span><\/a><\/p>\n","protected":false},"author":1,"featured_media":0,"comment_status":"closed","ping_status":"open","sticky":false,"template":"","format":"standard","meta":{"footnotes":""},"categories":[87,4],"tags":[48,63,51,44,95,94,81],"_links":{"self":[{"href":"http:\/\/www.indemnizaciondespido.com\/blog\/wp-json\/wp\/v2\/posts\/1072"}],"collection":[{"href":"http:\/\/www.indemnizaciondespido.com\/blog\/wp-json\/wp\/v2\/posts"}],"about":[{"href":"http:\/\/www.indemnizaciondespido.com\/blog\/wp-json\/wp\/v2\/types\/post"}],"author":[{"embeddable":true,"href":"http:\/\/www.indemnizaciondespido.com\/blog\/wp-json\/wp\/v2\/users\/1"}],"replies":[{"embeddable":true,"href":"http:\/\/www.indemnizaciondespido.com\/blog\/wp-json\/wp\/v2\/comments?post=1072"}],"version-history":[{"count":40,"href":"http:\/\/www.indemnizaciondespido.com\/blog\/wp-json\/wp\/v2\/posts\/1072\/revisions"}],"predecessor-version":[{"id":1398,"href":"http:\/\/www.indemnizaciondespido.com\/blog\/wp-json\/wp\/v2\/posts\/1072\/revisions\/1398"}],"wp:attachment":[{"href":"http:\/\/www.indemnizaciondespido.com\/blog\/wp-json\/wp\/v2\/media?parent=1072"}],"wp:term":[{"taxonomy":"category","embeddable":true,"href":"http:\/\/www.indemnizaciondespido.com\/blog\/wp-json\/wp\/v2\/categories?post=1072"},{"taxonomy":"post_tag","embeddable":true,"href":"http:\/\/www.indemnizaciondespido.com\/blog\/wp-json\/wp\/v2\/tags?post=1072"}],"curies":[{"name":"wp","href":"https:\/\/api.w.org\/{rel}","templated":true}]}}