{"id":1160,"date":"2022-06-17T10:05:21","date_gmt":"2022-06-17T08:05:21","guid":{"rendered":"http:\/\/www.indemnizaciondespido.com\/blog\/?p=1160"},"modified":"2022-06-20T13:20:30","modified_gmt":"2022-06-20T11:20:30","slug":"plazo-demanda-despido-disciplinario","status":"publish","type":"post","link":"http:\/\/www.indemnizaciondespido.com\/blog\/plazo-demanda-despido-disciplinario.php","title":{"rendered":"\u00bfQu\u00e9 PLAZO tengo para poner una Demanda por falso Despido Disciplinario?"},"content":{"rendered":"<section>\n<header>\n<h2><strong><em>Plazo<\/em>\u00a0para <em>Impugnar<\/em> un Despido<\/strong><\/h2>\n<\/header>\n<article>\n<header>\n<h3>\u00bfCu\u00e1nto TIEMPO tengo de plazo para <strong>reclamar y defenderme de un Despido <em>Disciplinario<\/em> Injustificado<\/strong>?<\/h3>\n<\/header>\n<p class=\"dropCap\"><span class=\"txtBold\">Si crees que se trata de un<\/span> <strong>despido <em>disciplinario<\/em> injusto o <em>falso\u00a0<\/em><\/strong>y que no se dan las circunstancias para que tu despido pueda ser <em>disciplinario\u00a0procedente<\/em>, debes <span class=\"txtBold\">acudir a los Tribunales para <strong>defender tus derechos en\u00a0el\u00a0<em>plazo<\/em> que marca la ley<\/strong><\/span>.<\/p>\n<h3>El <strong><em>plazo<\/em> para <em>impugnar<\/em> un despido <em>disciplinario<\/em><\/strong> es de <span class=\"txtBold\">20 d\u00edas h\u00e1biles<\/span><\/h3>\n<p><!--more Leer m\u00e1s sobre el Plazo para Impugnar un Despido Disciplinario--><\/p>\n<p>Esto es, 20 d\u00edas contando de lunes a viernes y sin contar s\u00e1bados, domingos ni festivos, puesto que estos d\u00edas NO se consideran h\u00e1biles\u00a0conforme al art\u00edculo 30.2 de la Ley 39\/2015.<\/p>\n<blockquote cite=\"https:\/\/www.iberley.es\/practicos\/caso-practico-plazo-presentar-conciliacion-despido-agosto-habil-68491\">\n<h4>\u00bfAgosto ser\u00eda h\u00e1bil?<\/h4>\n<p>Respuesta<\/p>\n<p>Para la <strong><em>impugnaci\u00f3n<\/em> del <em>despido<\/em>, todos los meses son h\u00e1biles<\/strong>.<\/p>\n<p>Agosto es <strong>h\u00e1bil para la <em>reclamaci\u00f3n<\/em> por <em>despido<\/em><\/strong> al amparo de las excepciones establecidas en el art. 43 de la <abbr title=\"Ley Reguladora de la Jurisdicci\u00f3n Social\">LRJS<\/abbr>.<\/p><\/blockquote>\n<hr \/>\n<div class=\"ladillo boxShadow\"><q><strong>El plazo que tienes para reclamar<\/strong> es de 20 d\u00edas<\/q><\/div>\n<p><span class=\"txtBold\">Muy importante que NO se te pase el<\/span> <strong><em>plazo<\/em><\/strong>, porque entonces ya no tendr\u00e1s ning\u00fan derecho a <em>reclamar.<\/em><\/p>\n<p>Los casos de <em>despido disciplinario<\/em> suelen implicar una fuerte tensi\u00f3n emocional y puedes <span class=\"txtBold\">sentir que necesitas dejar pasar un tiempo antes de enfrentarte<\/span> a circunstancias tan desagradables como es un <strong><em>despido,<\/em> especialmente si es <em>disciplinario<\/em><\/strong>.<\/p>\n<div class=\"ladillo boxShadow\"><q>Reacciona a tiempo<\/q><\/div>\n<p>Sin embargo hay que <span class=\"txtBold\">reaccionar desde el primer momento, para que no pierdas tu dinero de la<\/span> <strong><em>indemnizaci\u00f3n<\/em><\/strong> que te corresponde y es tuyo.<\/p>\n<h3><strong>El <em>plazo<\/em> para la demanda por despido,<\/strong>\u00a0bien explicado<\/h3>\n<p>Vamos a explicar en detalle pero de forma sencilla como es esto del <strong><em>plazo<\/em> para presentar una <em>demanda<\/em> por despido<\/strong>.<\/p>\n<p>Tienes <strong>20 d\u00edas de plazo total<\/strong>, pero tienes que tener en cuenta que <strong>para <em>demandar<\/em> un despido<\/strong> es obligatorio que antes presentes una <strong>papeleta o demanda de conciliaci\u00f3n en el <em>SMAC.<\/em><\/strong><\/p>\n<p>Un vez <strong>presentada la demanda de conciliaci\u00f3n, el <em>plazo<\/em> queda interrumpido<\/strong> hasta que se celebre el <strong>acto de <em>conciliaci\u00f3n<\/em><\/strong>.<\/p>\n<p>Si en el <em>acto de conciliaci\u00f3n<\/em> no llegamos a ning\u00fan acuerdo con la empresa que nos ha <em>despedido,<\/em> tenemos que\u00a0<strong>interponer una <em>demanda<\/em> por despido<\/strong>.<\/p>\n<p>Y esto lo tenemos que hacer tambi\u00e9n <strong>antes de agotar los\u00a020 d\u00edas\u00a0de <em>plazo<\/em><\/strong>\u00a0total que tenemos.<\/p>\n<p>Como hemos dicho, una vez <strong>celebrada la conciliaci\u00f3n se reanuda el <em>plazo<\/em><\/strong> (es decir nos quedar\u00edan 20 d\u00edas, menos el tiempo invertido entre el <em>despido<\/em> y la presentaci\u00f3n de la papeleta).<\/p>\n<p>Para <strong>calcular que <em>plazo<\/em> nos queda<\/strong> hay que tener en cuenta, pues, los d\u00edas ya empleados <strong>desde la fecha de <em>despido<\/em> hasta presentar la papeleta\u00a0o <em>demanda<\/em> de conciliaci\u00f3n<\/strong>.<\/p>\n<hr \/>\n<p>CONCLUSIONES<\/p>\n<p class=\"dropCap\">\u2713Como se puede ver se trata de una acusaci\u00f3n muy grave por lo que te aconsejamos que busques,\u00a0<span class=\"txtBold\">cuanto antes, un buen<\/span> <strong><em>abogado<\/em> especialista<\/strong> que te asesore y est\u00e9 <span class=\"txtBold\">a tu lado durante todo el proceso<\/span>.<\/p>\n<p>Adem\u00e1s, aunque el <strong>plazo de 20 d\u00edas<\/strong> puede parecer mucho hay que contar con los d\u00edas que se necesitan para <strong>redactar bien, tanto la papeleta como la posterior <em>demanda<\/em> por despido<\/strong>. Y contar con que siempre pueden surgir imprevistos.<\/p>\n<div class=\"ladillo boxShadow\"><q>Defiende tus derechos, defiende tu dinero<\/q><\/div>\n<p>Por eso te aconsejamos que aunque no te sientas con \u00e1nimo ni fuerzas reacciones a tiempo para <strong>defender el dinero de tu <em>indemnizaci\u00f3n<\/em><\/strong>, que es tuyo y te pertenece.<\/p>\n<\/article>\n<\/section>\n<hr \/>\n<h4>A&amp;G, <strong>Ayala y Gonz\u00e1lez <em>Abogados<\/em><\/strong><\/h4>\n<p class=\"dropCap\">\u265c Defensa en <em>Despidos<\/em>: los <strong>Abogados <em>Laboralistas<\/em> en Madrid<\/strong> de Ayala y Gonz\u00e1lez <em>Abogados<\/em>.<\/p>\n<p class=\"dropCap\">Somos un <strong>despacho especializado en Derecho <em>Laboral<\/em><\/strong>, con mas de <strong>25 a\u00f1os de experiencia<\/strong> profesional en la defensa de los derechos de trabajadores\/as.<\/p>\n<p><span class=\"txtBold\">Para afrontar tu <em>despido<\/em> con seguridad<\/span>, haznos una primera <strong>consulta totalmente gratuita<\/strong>.<\/p>\n<h4>No te quedes con dudas, llama<\/h4>\n<p>Ll\u00e1mame y hazme tu <strong><em>consulta gratuita<\/em><\/strong>. No tienes nada que perder y <span class=\"txtBold\">s\u00ed, mucho que ganar<\/span>.<\/p>\n<p class=\"tlfBig\">915 91 40 43<\/p>\n<p><a title=\"Consulta GRATIS con el Abogado Laboral sobre tu Despido\" href=\"..\/consulta-abogado-laboral-gratis-madrid.php\">\u2709 Si tienes dudas, preg\u00fantame: soy Julio Gonz\u00e1lez, <strong>Abogado Laboralista<\/strong> con despacho en <em>Madrid<\/em>. <strong>CONSULTA gratuitamente<\/strong> tu caso conmigo \u27a8<\/a><\/p>\n<hr \/>\n<p>NOTICIA RELACIONADA<\/p>\n<p>En este art\u00edculo del\u00a0eleconomista.es se explica c<strong>\u00f3mo actuar en caso de un despido <em>disciplinario.<\/em><\/strong><\/p>\n<p><a title=\"C\u00f3mo actuar en caso de un despido disciplinario: esto es lo que puedes hacer\" href=\"https:\/\/www.eleconomista.es\/economia\/noticias\/11583421\/01\/22\/Como-actuar-en-caso-de-un-despido-disciplinario-esto-es-lo-que-puedes-hacer.html\" target=\"_blank\" rel=\"noopener noreferrer\"><strong>C\u00f3mo puede <em>reclamar<\/em> el trabajador el despido <em>disciplinario<\/em><\/strong> \u2197<\/a><\/p>\n","protected":false},"excerpt":{"rendered":"<p>Plazo\u00a0para Impugnar un Despido \u00bfCu\u00e1nto TIEMPO tengo de plazo para reclamar y defenderme de un Despido Disciplinario Injustificado? Si crees que se trata de un despido disciplinario injusto o falso\u00a0y que no se dan las circunstancias para que tu despido pueda ser disciplinario\u00a0procedente, debes acudir a los Tribunales para defender tus derechos en\u00a0el\u00a0plazo que marca &hellip; <a href=\"http:\/\/www.indemnizaciondespido.com\/blog\/plazo-demanda-despido-disciplinario.php\" class=\"more-link\">Continuar leyendo<span class=\"screen-reader-text\"> \u00ab\u00bfQu\u00e9 PLAZO tengo para poner una Demanda por falso Despido Disciplinario?\u00bb<\/span><\/a><\/p>\n","protected":false},"author":1,"featured_media":0,"comment_status":"closed","ping_status":"open","sticky":false,"template":"","format":"standard","meta":{"footnotes":""},"categories":[5,4],"tags":[44,95,45],"_links":{"self":[{"href":"http:\/\/www.indemnizaciondespido.com\/blog\/wp-json\/wp\/v2\/posts\/1160"}],"collection":[{"href":"http:\/\/www.indemnizaciondespido.com\/blog\/wp-json\/wp\/v2\/posts"}],"about":[{"href":"http:\/\/www.indemnizaciondespido.com\/blog\/wp-json\/wp\/v2\/types\/post"}],"author":[{"embeddable":true,"href":"http:\/\/www.indemnizaciondespido.com\/blog\/wp-json\/wp\/v2\/users\/1"}],"replies":[{"embeddable":true,"href":"http:\/\/www.indemnizaciondespido.com\/blog\/wp-json\/wp\/v2\/comments?post=1160"}],"version-history":[{"count":24,"href":"http:\/\/www.indemnizaciondespido.com\/blog\/wp-json\/wp\/v2\/posts\/1160\/revisions"}],"predecessor-version":[{"id":1196,"href":"http:\/\/www.indemnizaciondespido.com\/blog\/wp-json\/wp\/v2\/posts\/1160\/revisions\/1196"}],"wp:attachment":[{"href":"http:\/\/www.indemnizaciondespido.com\/blog\/wp-json\/wp\/v2\/media?parent=1160"}],"wp:term":[{"taxonomy":"category","embeddable":true,"href":"http:\/\/www.indemnizaciondespido.com\/blog\/wp-json\/wp\/v2\/categories?post=1160"},{"taxonomy":"post_tag","embeddable":true,"href":"http:\/\/www.indemnizaciondespido.com\/blog\/wp-json\/wp\/v2\/tags?post=1160"}],"curies":[{"name":"wp","href":"https:\/\/api.w.org\/{rel}","templated":true}]}}