{"id":1202,"date":"2022-07-28T13:44:57","date_gmt":"2022-07-28T11:44:57","guid":{"rendered":"http:\/\/www.indemnizaciondespido.com\/blog\/?p=1202"},"modified":"2023-02-01T15:08:39","modified_gmt":"2023-02-01T14:08:39","slug":"despido-objetivo-improcedente","status":"publish","type":"post","link":"http:\/\/www.indemnizaciondespido.com\/blog\/despido-objetivo-improcedente.php","title":{"rendered":"Despido Objetivo por Causas Econ\u00f3micas \u00bfQu\u00e9 hacer?: Poner una Demanda por Despido Improcedente"},"content":{"rendered":"<h2><strong>Despido Objetivo por <em>Causas Econ\u00f3micas<\/em>\u00a0resulta ser Improcedente<\/strong>.<br \/>\nResoluci\u00f3n de un Caso Real I<\/h2>\n<h3>La <em>consulta<\/em>\u00a0de nuestra cliente<em>:<br \/>\n<\/em>\u00abMe han\u00a0<em>despedido<\/em>\u00a0por <em>causas econ\u00f3micas<\/em> y no estoy de acuerdo\u00bb<\/h3>\n<p class=\"dropCap\">\u2696 Una trabajadora de un geri\u00e1trico, acudi\u00f3 a nuestro despacho para solicitar <strong>asesoramiento por <em>despido objetivo\u00a0improcedente<\/em><\/strong>. Su empresa <strong>la hab\u00eda <em>despedido<\/em> alegando causas objetivas<\/strong>, en concreto, <strong><em>causas econ\u00f3micas<\/em><\/strong>.<\/p>\n<p>La trabajadora no estaba conforme con esta decisi\u00f3n, y quer\u00eda <strong>saber si pod\u00eda <em>demandar<\/em> a su empresa, impugnando su <em>despido como improcedente<\/em><\/strong>.<\/p>\n<div class=\"ladillo boxShadow\"><q>Podr\u00eda tratarse de un <strong>despido objetivo en fraude de ley<\/strong><\/q><\/div>\n<p>Despu\u00e9s de estudiar su caso, vimos que <strong>la empresa hab\u00eda cometido varias irregularidades tanto en el <em>cumplimiento del contrato<\/em> de trabajo como en el posterior <em>despido objetivo<\/em><\/strong>.<\/p>\n<p>Hab\u00eda razones y fundamento para accionar contra su <em>despido<\/em>, as\u00ed que <strong>aconsejamos a la trabajadora <em>demandar<\/em> a la empresa por <em>despido improcedente<\/em><\/strong>.<\/p>\n<p><!--more Leer m\u00e1s sobre este caso de Despido Objetivo Improcedente--><\/p>\n<h2><strong><em>Incumplimientos<\/em><\/strong><strong> e irregularidades en el <em>contrato<\/em> de trabajo y en su\u00a0<em>despido objetivo<\/em><\/strong><\/h2>\n<p>Tras estudiar la documentaci\u00f3n que nos aport\u00f3 la trabajadora, pudimos observar que:<\/p>\n<h3><strong>Contrato de trabajo y <em>Convenio Colectivo<\/em><\/strong><\/h3>\n<p class=\"dropCap\">1. La empresa <strong>no estaba cumpliendo lo dispuesto en el <em>Convenio Colectivo<\/em><\/strong> de aplicaci\u00f3n en relaci\u00f3n con su salario:<\/p>\n<div class=\"ladillo boxShadow\"><q>No le pagaban conforme al <em>Convenio<\/em><\/q><\/div>\n<p>La trabajadora ten\u00eda la categor\u00eda profesional de Gerocultora, sin embargo <strong>el salario que le pagaba era inferior al que establec\u00eda el <em>Convenio Colectivo<\/em><\/strong> de Residencias de la Tercera Edad.<\/p>\n<p>Este dato es de suma importancia, pues permite iniciar una <strong><em>reclamaci\u00f3n<\/em> a la empresa por las <em>cantidades adeudadas<\/em> por las diferencias <em>salariales<\/em><\/strong> que hay entre lo que la empresa le pagaba y <strong>lo que marca el <em>Convenio Colectivo<\/em> que debe pagarle<\/strong> para su categor\u00eda profesional.<\/p>\n<h3><strong>C\u00e1lculo de la indemnizaci\u00f3n\u00a0por <em>despido objetivo<\/em><\/strong><\/h3>\n<p class=\"dropCap\">Por otro lado tambi\u00e9n permite <strong><em>impugnar<\/em> el despido de la trabajadora ya que la <em>indemnizaci\u00f3n<\/em> ofrecida por el <em>despido objetivo<\/em> estaba mal calculada<\/strong>.<\/p>\n<div class=\"ladillo boxShadow\"><q>La indemnizaci\u00f3n que le daban por su <em>despido objetivo<\/em> era incorrecta<\/q><\/div>\n<p>Ese <strong>error de <em>c\u00e1lculo en la indemnizaci\u00f3n<\/em><\/strong>, no es un simple error aritm\u00e9tico, o excusable, sino que se debe a la voluntad consciente de la empresa de <strong>no cumplir con lo estipulado en el <em>Convenio Colectivo<\/em><\/strong> de aplicaci\u00f3n al no pagar a la trabajadora el salario correspondiente a su categor\u00eda profesional.<\/p>\n<p>Este <em>incumplimiento<\/em> puede suponer que el <strong><em>despido<\/em> sea calificado como <em>improcedente<\/em><\/strong>.<\/p>\n<h3>Irregularidades en la\u00a0<strong><em>carta de despido<\/em><\/strong><\/h3>\n<p class=\"dropCap\">2. La <strong><em>carta de despido<\/em><\/strong> se le entreg\u00f3 a la trabajadora <strong>dos d\u00edas despu\u00e9s<\/strong> de la fecha que pon\u00eda como <strong><em>fecha de efectos del despido<\/em><\/strong> en la propia <em>carta.<\/em><\/p>\n<p>&nbsp;<\/p>\n<div class=\"ladillo boxShadow\"><q>La <strong>fecha de despido de la <em>carta<\/em><\/strong> era err\u00f3nea<\/q><\/div>\n<p>La entrega de la <em>carta<\/em> despu\u00e9s de la fecha de efectos del <em>despido<\/em>, supone que <strong>el <em>despido<\/em> realmente se ha realizado cuando a la trabajadora se le hace entrega de la <em>carta<\/em><\/strong> y no antes de su conocimiento, siendo esta por tanto la fecha de efectos del mismo.<\/p>\n<div class=\"ladillo boxShadow\"><q>No hab\u00edan cumplido con el <strong><em>preaviso<\/em><\/strong><\/q><\/div>\n<p>Adem\u00e1s, estaba <em>fechada<\/em> 15 d\u00edas antes de su entrega a la trabajadora.<\/p>\n<p>Esto lo hicieron para intentar <strong>simular que se hab\u00eda cumplido con el <em>preaviso<\/em><\/strong> de 15 d\u00edas que la legislaci\u00f3n impone obligatoriamente para esta clase de <strong>despidos objetivas por <em>causas econ\u00f3micas<\/em><\/strong>.<\/p>\n<h4><strong>Despido objetivo <em>SIN Preaviso<\/em><\/strong><\/h4>\n<p>El <strong><em>incumplimiento<\/em> del plazo de 15 d\u00edas de <em>preaviso<\/em><\/strong><em>,<\/em> supone que a la trabajadora <strong>la empresa le debe pagar 15 d\u00edas de <em>salario<\/em> m\u00e1s<\/strong>.<\/p>\n<h3><strong><em>Despido colectivo<\/em><\/strong> sin seguir los tr\u00e1mites obligatorios<\/h3>\n<p class=\"dropCap\">3. La empresa, adem\u00e1s hab\u00eda procedido a <strong>despedir, el mismo d\u00eda y por los mismo motivos al resto de los trabajadores<\/strong> de la empresa y lo hab\u00eda hecho <strong>sin someterse a ning\u00fan <em>expediente de regulaci\u00f3n de empleo ERE<\/em><\/strong> y sin seguir los tr\u00e1mites que exige el <em><strong>Estatuto de los Trabajadores<\/strong><\/em> en su art\u00edculo 51.<\/p>\n<h4>Un<em> Despido<\/em><strong><em> colectivo encubierto<\/em> es un Despido <em>Nulo<\/em><\/strong><\/h4>\n<p>Es decir, que en realidad nos encontr\u00e1bamos ante un <strong><em>despido colectivo encubierto<\/em> en el que no se hab\u00edan llevado las tramitaciones y formalidades previstas<\/strong> para el mismo.<\/p>\n<p>Este hecho hizo que <strong>en la <em>demanda<\/em> solicit\u00e1ramos la <em>nulidad<\/em> del despido<\/strong>.<\/p>\n<h3><strong><em>Causas econ\u00f3micas<\/em><\/strong> no demostradas<\/h3>\n<p class=\"dropCap\">4. La empresa<strong> tampoco justificaba suficientemente, en la <em>carta de despido<\/em>, los motivos o <em>causas econ\u00f3micas<\/em> alegados<\/strong>.<\/p>\n<div class=\"ladillo boxShadow\"><q>Las <strong>causas econ\u00f3micas del <em>despido objetivo<\/em> eran falsas<\/strong><\/q><\/div>\n<p>En la <em>carta de despido<\/em>, la empresa se limitaba a indicar que hab\u00eda tenido unos resultados econ\u00f3micos negativos tan solo en un mes, y <strong>no aportaba ni un solo dato contable<\/strong>, ni de ning\u00fan otro tipo <strong>que justificara el <em>despido<\/em><\/strong> de la trabajadora.<\/p>\n<p><strong>No se demostraba, por tanto, que se hubiera producido una disminuci\u00f3n persistente en el nivel de ingresos<\/strong> ordinarios o de ventas de la empresa.<\/p>\n<h2><strong><em>Demanda<\/em> por despido <em>improcedente<\/em><\/strong><\/h2>\n<div class=\"ladillo boxShadow\"><q>Pedimos <strong>despido <em>improcedente<\/em><\/strong><\/q><\/div>\n<p>Por este motivo de fondo, as\u00ed como por el <strong><em>incumplimiento<\/em> de los m\u00e1s elementales requisitos de forma para proceder al <em>despido<\/em><\/strong>, que exige la normativa vigente en la materia, es por lo que se solicit\u00f3 la <em><strong>improcedencia del despido<\/strong><\/em>.<\/p>\n<h3><strong>Reclamaci\u00f3n de las cantidades<\/strong> de dinero que la empresa le deb\u00eda<\/h3>\n<div class=\"ladillo boxShadow\"><q><strong><em>Reclamamos adem\u00e1s<\/em>\u00a0las cantidades de dinero<\/strong> correspondientes<\/q><\/div>\n<p class=\"dropCap\">5. A la <strong><em>demanda<\/em> de despido <em>nulo<\/em> o subsidiariamente <em>improcedente<\/em><\/strong>, unimos la<strong><em> reclamaci\u00f3n de las cantidades<\/em> que la empresa adeudaba a la trabajadora en el momento del <em>despido<\/em><\/strong>. Esto es, las vacaciones que ten\u00eda pendientes de disfrutar, as\u00ed como la n\u00f3mina del \u00faltimo mes trabajado.<\/p>\n<hr \/>\n<h4>A&amp;G, <strong>Ayala y Gonz\u00e1lez <em>Abogados<\/em><\/strong><\/h4>\n<p class=\"dropCap\">\u265c Defensa en <em>Despidos<\/em>: los <strong>Abogados <em>Laboralistas<\/em> en Madrid<\/strong> de Ayala y Gonz\u00e1lez <em>Abogados<\/em>.<\/p>\n<p class=\"dropCap\">Somos un <strong>despacho especializado en Derecho <em>Laboral<\/em><\/strong>, con mas de <strong>25 a\u00f1os de experiencia<\/strong> profesional en la defensa de los derechos de trabajadores\/as.<\/p>\n<h4>No te quedes con dudas, llama<\/h4>\n<p>Ll\u00e1mame y hazme tu consulta. No tienes nada que perder y <strong>s\u00ed, mucho que ganar<\/strong>.<\/p>\n<p class=\"tlfBig\">915 91 40 43<\/p>\n<p><a title=\"Consulta GRATIS con el Abogado Laboral sobre tu Despido\" href=\"..\/consulta-abogado-laboral-gratis-madrid.php\">\u2709 Si tienes dudas, preg\u00fantame: soy Julio Gonz\u00e1lez, <strong>Abogado Laboralista<\/strong> con despacho en <em>Madrid<\/em>. <strong>CONSULTA gratuitamente<\/strong> tu caso conmigo \u27a8<\/a><\/p>\n<hr \/>\n<p><em><strong>Sentencia<\/strong><\/em> relacionada<\/p>\n<p><a title=\"En un grupo de empresas la omisi\u00f3n en la carta de comunicaci\u00f3n del despido objetivo por causas econ\u00f3micas\" href=\"https:\/\/www.boe.es\/biblioteca_juridica\/anuarios_derecho\/articulo.php?id=ANU-L-2022-00000001805\" target=\"_blank\" rel=\"noopener noreferrer\">En un grupo de empresas <strong>la omisi\u00f3n en la carta de comunicaci\u00f3n del <em>despido objetivo<\/em> por <em>causas econ\u00f3micas<\/em> de la informaci\u00f3n econ\u00f3mica<\/strong> de una de las empresas integrantes provoca la declaraci\u00f3n de <strong>improcedencia del despido<\/strong> \u2197<\/a><\/p>\n","protected":false},"excerpt":{"rendered":"<p>Despido Objetivo por Causas Econ\u00f3micas\u00a0resulta ser Improcedente. Resoluci\u00f3n de un Caso Real I La consulta\u00a0de nuestra cliente: \u00abMe han\u00a0despedido\u00a0por causas econ\u00f3micas y no estoy de acuerdo\u00bb \u2696 Una trabajadora de un geri\u00e1trico, acudi\u00f3 a nuestro despacho para solicitar asesoramiento por despido objetivo\u00a0improcedente. Su empresa la hab\u00eda despedido alegando causas objetivas, en concreto, causas econ\u00f3micas. La &hellip; <a href=\"http:\/\/www.indemnizaciondespido.com\/blog\/despido-objetivo-improcedente.php\" class=\"more-link\">Continuar leyendo<span class=\"screen-reader-text\"> \u00abDespido Objetivo por Causas Econ\u00f3micas \u00bfQu\u00e9 hacer?: Poner una Demanda por Despido Improcedente\u00bb<\/span><\/a><\/p>\n","protected":false},"author":1,"featured_media":0,"comment_status":"closed","ping_status":"open","sticky":false,"template":"","format":"standard","meta":{"footnotes":""},"categories":[97,4],"tags":[40,98,96,48,83,63,43,81],"_links":{"self":[{"href":"http:\/\/www.indemnizaciondespido.com\/blog\/wp-json\/wp\/v2\/posts\/1202"}],"collection":[{"href":"http:\/\/www.indemnizaciondespido.com\/blog\/wp-json\/wp\/v2\/posts"}],"about":[{"href":"http:\/\/www.indemnizaciondespido.com\/blog\/wp-json\/wp\/v2\/types\/post"}],"author":[{"embeddable":true,"href":"http:\/\/www.indemnizaciondespido.com\/blog\/wp-json\/wp\/v2\/users\/1"}],"replies":[{"embeddable":true,"href":"http:\/\/www.indemnizaciondespido.com\/blog\/wp-json\/wp\/v2\/comments?post=1202"}],"version-history":[{"count":37,"href":"http:\/\/www.indemnizaciondespido.com\/blog\/wp-json\/wp\/v2\/posts\/1202\/revisions"}],"predecessor-version":[{"id":1250,"href":"http:\/\/www.indemnizaciondespido.com\/blog\/wp-json\/wp\/v2\/posts\/1202\/revisions\/1250"}],"wp:attachment":[{"href":"http:\/\/www.indemnizaciondespido.com\/blog\/wp-json\/wp\/v2\/media?parent=1202"}],"wp:term":[{"taxonomy":"category","embeddable":true,"href":"http:\/\/www.indemnizaciondespido.com\/blog\/wp-json\/wp\/v2\/categories?post=1202"},{"taxonomy":"post_tag","embeddable":true,"href":"http:\/\/www.indemnizaciondespido.com\/blog\/wp-json\/wp\/v2\/tags?post=1202"}],"curies":[{"name":"wp","href":"https:\/\/api.w.org\/{rel}","templated":true}]}}