{"id":1335,"date":"2023-10-27T12:05:02","date_gmt":"2023-10-27T10:05:02","guid":{"rendered":"http:\/\/www.indemnizaciondespido.com\/blog\/?p=1335"},"modified":"2023-11-03T13:49:15","modified_gmt":"2023-11-03T12:49:15","slug":"indemnizacion-despido-estatuto-trabajadores","status":"publish","type":"post","link":"http:\/\/www.indemnizaciondespido.com\/blog\/indemnizacion-despido-estatuto-trabajadores.php","title":{"rendered":"Indemnizaci\u00f3n Adicional por Despido: Cobrar M\u00e1s que lo que dicta el Estatuto de los Trabajadores"},"content":{"rendered":"<h2><strong>Despido Improcedente<\/strong>, \u00bfse puede <em>cobrar<\/em> una <em>indemnizaci\u00f3n adicional<\/em> mayor que la establecida por el <em>Estatuto de los Trabajadores<\/em>?<\/h2>\n<p class=\"dropCap\">La <strong><em>indemnizaci\u00f3n<\/em> por despido <em>improcedente<\/em><\/strong>, como veremos, est\u00e1 fijada\u00a0<strong>por el <em>Estatuto de los Trabajadores<\/em><\/strong>.<\/p>\n<h3>Pero, \u00bfexiste alg\u00fan supuesto en el que el trabajador pod\u00eda percibir <strong>mayor <em>indemnizaci\u00f3n,<\/em> que la que establece la ley, para el despido <em>improcedente<\/em><\/strong>?<\/h3>\n<p>La respuesta a esta pregunta es que S\u00cd.<\/p>\n<p><!--more Leer m\u00e1s sobre Cobrar M\u00e1s Indemnizaci\u00f3n por Despido Improcedente--><\/p>\n<h3><strong>\u00bfCu\u00e1nto es la <em>indemnizaci\u00f3n<\/em> por despido <em>improcedente?: C\u00e1lculo<\/em><\/strong><\/h3>\n<p class=\"dropCap\">El <strong><em>Estatuto de los Trabajadores<\/em><\/strong>,\u00a0<abbr title=\"Estatuto de los Trabajadores\">ET<\/abbr>, en su art\u00edculo 56 habla sobre el <em>Despido Improcedente<\/em> y establece\u00a0que:<\/p>\n<blockquote cite=\"https:\/\/www.boe.es\/buscar\/act.php?id=BOE-A-2015-11430#a56\"><p>\u201c&#8230;<strong>cuando el despido sea declarado <em>improcedente<\/em><\/strong>, el empresario, en el plazo de cinco d\u00edas desde la notificaci\u00f3n de la sentencia, podr\u00e1 optar entre la readmisi\u00f3n del trabajador o el abono de una <strong><em>indemnizaci\u00f3n<\/em> equivalente a treinta y tres d\u00edas de salario por a\u00f1o<\/strong> de servicio, prorrate\u00e1ndose por meses los periodos de tiempo inferiores a un a\u00f1o, hasta un m\u00e1ximo de veinticuatro mensualidades\u201d<\/p><\/blockquote>\n<p>Esta <strong><em>cantidad de indemnizaci\u00f3n<\/em> de 33 d\u00edas por a\u00f1o<\/strong> trabajado, es la que se toma en cuenta desde el 12\/02\/2012, en adelante.<\/p>\n<p>\u00bfQu\u00e9 pasa si mi <em>contrato<\/em> es de antes del 2012?<\/p>\n<p>Si tu contrato se hubiera formalizado antes de esta fecha (12\/02\/2012), la <strong><em>indemnizaci\u00f3n<\/em> por despido <em>improcedente<\/em> se <em>calcular\u00eda<\/em> a raz\u00f3n de 45 d\u00edas<\/strong> de salario por a\u00f1o de servicio hasta el 12\/02\/2012 y a raz\u00f3n de 33 d\u00edas a partir de la misma.<\/p>\n<hr \/>\n<h3>\u00bfHay alg\u00fan caso en el que se pueda <strong>cobrar una <em>indemnizaci\u00f3n adicional<\/em><\/strong><em>?<\/em><\/h3>\n<p>Hay determinados casos en que, d\u00e1ndose circunstancias concretas, es posible que <strong>el Juzgado nos reconozca una <em>indemnizaci\u00f3n<\/em> superior<\/strong> a la que establece el <abbr title=\"Estatuto de los Trabajadores\">ET<\/abbr>, en el caso de los <strong>despidos declarados <em>improcedentes<\/em><\/strong>.<\/p>\n<h4>Caso concreto avalado por una <em><strong>Sentencia<\/strong><\/em><\/h4>\n<p class=\"dropCap\">Recientemente se ha publicado una <em>Sentencia*<\/em> del Tribunal Superior de Justicia de Catalu\u00f1a, <abbr title=\"Tribunal Superior de Justicia\">TSJ<\/abbr>, que resuelve este supuesto que os planteamos en este texto.<\/p>\n<p>Vamos a ver qu\u00e9 circunstancias se tienen que dar para que ello sea as\u00ed. El caso que resuelve esta sentencia es el siguiente:<\/p>\n<h3>La <strong><em>despiden<\/em><\/strong> a los 4 meses <strong>alegando <em>causas objetivas<\/em><\/strong><\/h3>\n<p class=\"dropCap\">Mar\u00eda G. H. (nombre ficticio) es contratada por una empresa, con un <strong>contrato indefinido<\/strong>, y aproximadamente 4 meses despu\u00e9s extinguen su contrato de trabajo, o sea la<strong> <em>despiden,<\/em> bas\u00e1ndose en <em>causas objetivas<\/em><\/strong>, en concreto en causas productivas por la ca\u00edda de ventas y cancelaci\u00f3n de servicios derivadas de la crisis de coronavirus.<\/p>\n<h3>Poco despu\u00e9s <strong>se proh\u00edben los <em>despidos<\/em> por COVID<\/strong><\/h3>\n<p class=\"dropCap\">El <em>despido<\/em> se produce un d\u00eda antes de que se publicara, en el BOE que se <strong>prohibiera a las empresas que <em>despidieran<\/em> a sus trabajadores por raz\u00f3n del COVID<\/strong><\/p>\n<p>Para compensar se ofrec\u00eda la posibilidad de que se acogieran a un <strong><em>ERTE<\/em><\/strong> en el cual incluir a sus trabajadores, <strong>evitando as\u00ed <em>despidos<\/em><\/strong> y posibilitando que los trabajadores <strong>pudieran cobrar la <em>prestaci\u00f3n por desempleo<\/em><\/strong>, durante el tiempo que estuvieran en esta situaci\u00f3n.<\/p>\n<h3>A los pocos d\u00edas <strong>la empresa se acoge a un <em>ERTE<\/em><\/strong><\/h3>\n<p class=\"dropCap\">La empresa de Mar\u00eda G. H., 4 d\u00edas <strong>despu\u00e9s de <em>despedirla<\/em>, solicit\u00f3 acogerse a un <em>ERTE<\/em><\/strong> por fuerza mayor por la situaci\u00f3n del Covid, proponiendo la suspensi\u00f3n\/reducci\u00f3n de jornada de los contratos de trabajo de 5 trabajadores de los 7 que eran.<\/p>\n<p>Estos trabajadores pudieron disfrutar de las <strong><em>prestaciones de desempleo<\/em><\/strong> correspondientes y de la <strong>protecci\u00f3n de sus puestos de trabajo al no poder se <em>despedidos<\/em><\/strong><em>.<\/em><\/p>\n<h3>La afectada se quedo <strong>sin trabajo y sin <em>paro<\/em><\/strong><\/h3>\n<p class=\"dropCap\">A Mar\u00eda G. H., el SEPE <strong>no le concedi\u00f3 la <em>prestaci\u00f3n por desempleo<\/em><\/strong>, pues ten\u00eda muy poco tiempo cotizado, por lo que se qued\u00f3 sin trabajo y adem\u00e1s <strong>sin cobrar \u201c<em>el paro<\/em>\u201d<\/strong>. Esta situaci\u00f3n como es l\u00f3gico fue muy perjudicial para ella.<\/p>\n<h3><strong>Interpuso una <em>demanda<\/em> por su despido<\/strong><\/h3>\n<p class=\"dropCap\">Mar\u00eda G. H. interpuso <em>demanda<\/em> ante los juzgados de lo social, impugnando su despido, <strong>pidiendo la <em>nulidad<\/em> del mismo o su subsidiaria <em>improcedencia<\/em><\/strong><em>.<\/em><\/p>\n<p>El juzgado de lo social, dict\u00f3 Sentencia en la que entend\u00eda que su despido hab\u00eda sido procedente. Por lo tanto, <strong>ni le reconoc\u00eda la <em>nulidad<\/em> del mismo, ni tampoco la <em>improcedencia<\/em><\/strong>.<\/p>\n<h3>Hubo recurso ante el Tribunal Superior de Justicia<\/h3>\n<p class=\"dropCap\">Mar\u00eda G. H., <strong>no conforme con esta <em>Sentencia<\/em><\/strong>, present\u00f3 un recurso ante el Tribunal Superior de Justicia (<abbr title=\"Tribunal Superior de Justicia\">TSJ<\/abbr>), en la que hizo las alegaciones que estim\u00f3 pertinentes.<\/p>\n<h3>Se pidi\u00f3 <strong>mayor <em>indemnizaci\u00f3<\/em>n por los perjuicios que la ocasion\u00f3 el <em>despido<\/em><\/strong><\/h3>\n<p class=\"dropCap\">Entre las peticiones que hizo Mar\u00eda G. H., en su recurso, solicit\u00f3 que en caso de que<strong> su <em>despido<\/em> fuera entendido como <em>improcedente<\/em><\/strong>, que se le aplicara una <strong><em>indemnizaci\u00f3n<\/em> superior a la marcada por el <em>Estatuto de los Trabajadores<\/em>, <abbr title=\"Estatuto de los Trabajadores\">ET<\/abbr> por los perjuicios<\/strong> sufridos a causa de su <em>despido.<\/em><\/p>\n<hr \/>\n<h3><strong><em>Sentencia<\/em><\/strong> del Tribunal Superior de Justicia<\/h3>\n<p>Con estos antecedentes el <abbr title=\"Tribunal Superior de Justicia\">TSJ<\/abbr> dicto una <em>sentencia<\/em> que reconoc\u00edan DOS Puntos IMPORTANTES:<\/p>\n<p class=\"dropCap\">A. El\u00a0<strong>despido fue declarado <em>improcedente<\/em><\/strong><\/p>\n<p class=\"dropCap\">B. Derecho a<strong> cobrar <em>indemnizaci\u00f3n adicional<\/em><\/strong><\/p>\n<h4>A. La <em><strong>improcedencia del despido<\/strong><\/em><\/h4>\n<div class=\"ladillo boxShadow\"><q>Las causas del <em>despido<\/em> no estaban probadas<\/q><\/div>\n<p>El <abbr title=\"Tribunal Superior de Justicia\">TSJ<\/abbr> entendi\u00f3 que <strong>las causas productivas alegadas por la empresa con motivo para <em>despedirla<\/em> no estaban acreditadas<\/strong>, pues eran derivadas de las circunstancias que se estaban viviendo en ese momento por la crisis del Covid, y por lo tanto <em>temporales.<\/em><\/p>\n<p>Como la empresa no hab\u00eda acreditado que las causas alegadas eran estructurales, el <strong>TSJ declar\u00f3 el <em>despido improcedente<\/em><\/strong>.<\/p>\n<div class=\"ladillo boxShadow\"><q>El <strong>despido fue <em>improcedente<\/em> y no objetivo<\/strong><\/q><\/div>\n<p>Con esta declaraci\u00f3n de improcedencia, Mar\u00eda G. H. ten\u00eda derecho o a que su empresa la readmitiera en las mismas circunstancias y condiciones que ten\u00eda en el momento del despido o a que se le abonara la <strong><em>indemnizaci\u00f3n<\/em> prevista en el art\u00edculo 56 <em><abbr title=\"Estatuto de los Trabajadores\">ET<\/abbr><\/em>,<\/strong> es decir, de 33 d\u00edas por a\u00f1o.<\/p>\n<h4>B. <strong>derecho a percibir una <em>indemnizaci\u00f3n adicional<\/em> complementaria<\/strong><\/h4>\n<p>Pero el <abbr title=\"Tribunal Superior de Justicia\">TSJ<\/abbr>, atendiendo a las circunstancias concretas de este caso, reconoci\u00f3 a Mar\u00eda G. H. que su <strong><em>indemnizaci\u00f3n<\/em> superara lo dispuesto en el <em>Estatuto de los Trabajadores<\/em><\/strong>.<\/p>\n<hr \/>\n<h3><strong>Cobrar <em>indemnizaci\u00f3n adicional por despido<\/em> improcedente<\/strong>, m\u00e1s que la del <abbr title=\"Estatuto de los Trabajadores\">ET<\/abbr> en determinadas circunstancias<\/h3>\n<p class=\"dropCap\">\u2713 Como ves, hay supuestos en los que <strong>tu <em>indemnizaci\u00f3n<\/em> por despido declarado por el Juzgado como <em>improcedente<\/em> puede ser adicional, mayor<\/strong> a la legalmente prevista en la ley.<\/p>\n<hr \/>\n<p><a href=\".\/indemnizacion-adicional-despido.php\" title=\"Indemnizaci\u00f3n ADICIONAL por Despido \u00bfCu\u00e1ndo se puede Cobrar?\">Leer sobre cu\u00e1ndo se puede <strong>cobrar esta <em>indemnizaci\u00f3n adicional<\/em><\/strong> &rarr;<\/a><\/p>\n<hr \/>\n<h4>No te quedes con dudas, cons\u00faltanos<\/h4>\n<p class=\"dropCap\">\u265c Defensa en <em>Despidos<\/em>: los <strong>Abogados <em>Laboralistas<\/em> en Madrid<\/strong> de Ayala y Gonz\u00e1lez <em>Abogados<\/em>.<\/p>\n<p><!--\n\n\n\n<p class=\"dropCap\">Somo un <strong><em>despacho laboral<\/em> que lleva m\u00e1s de 25 a\u00f1os<\/strong> defendiendo los intereses y derechos laborales de trabajadores y trabajadoras.<\/p>\n\n\nSomo especialista en la tramitaci\u00f3n de procedimientos judiciales por <em>despido,<\/em> consiguiendo para nuestros clientes <strong>la mayor <em>indemnizaci\u00f3n<\/em> posible<\/strong>.\n\nSi tienes dudas respecto a tu despido, ponte en contacto con nosotros. La primera consulta es totalmente gratuita y sin ning\u00fan compromiso.\n\n\n<p class=\"dropCap\"><span class=\"txtBold\">Solo te cobraremos nuestros <em>honorarios<\/em> si conseguimos ganar tu caso<\/span class=\"txtBold\"> y no tendr\u00e1s que pagarnos hasta que t\u00fa hayas recibido t\u00fa dinero.<\/p>\n\n\n\n--><\/p>\n<p>Ll\u00e1mame y hazme o env\u00eda tu consulta. No tienes nada que perder y <mark>s\u00ed, mucho que ganar<\/mark>.<\/p>\n<p class=\"tlfBig\">915 91 40 43<\/p>\n<p><a title=\"Consulta GRATIS con el Abogado Laboral sobre tu Despido\" href=\"..\/consulta-abogado-laboral-gratis-madrid.php\">\u2709 Si tienes dudas, preg\u00fantame: soy Julio Gonz\u00e1lez, <strong>Abogado Laboralista<\/strong> con despacho en <em>Madrid<\/em>. <strong>CONSULTA gratuitamente<\/strong> tu caso conmigo \u27a8<\/a><\/p>\n<hr \/>\n<p>*La <em>Sentencia<\/em> es de fecha 30\/01\/2023, con n\u00famero de recurso 6219\/2022.<\/p>\n<p><strong><em>Estatuto de los Trabajadores<\/em>. Art\u00edculo 56<\/strong><\/p>\n<p><a href=\"https:\/\/www.boe.es\/eli\/es\/rdlg\/2015\/10\/23\/2\/con#a56\" title=\"TITULO\" target=\"_blank\" rel=\"noopener noreferrer\">Art\u00edculo 56 del <strong><em><abbr title=\"Estatuto de los Trabajadores\">ET<\/abbr><\/em>. Despido improcedente<\/strong> &#8599;<\/a><\/p>\n<hr \/>\n","protected":false},"excerpt":{"rendered":"<p>Despido Improcedente, \u00bfse puede cobrar una indemnizaci\u00f3n adicional mayor que la establecida por el Estatuto de los Trabajadores? La indemnizaci\u00f3n por despido improcedente, como veremos, est\u00e1 fijada\u00a0por el Estatuto de los Trabajadores. Pero, \u00bfexiste alg\u00fan supuesto en el que el trabajador pod\u00eda percibir mayor indemnizaci\u00f3n, que la que establece la ley, para el despido improcedente? &hellip; <a href=\"http:\/\/www.indemnizaciondespido.com\/blog\/indemnizacion-despido-estatuto-trabajadores.php\" class=\"more-link\">Continuar leyendo<span class=\"screen-reader-text\"> \u00abIndemnizaci\u00f3n Adicional por Despido: Cobrar M\u00e1s que lo que dicta el Estatuto de los Trabajadores\u00bb<\/span><\/a><\/p>\n","protected":false},"author":1,"featured_media":0,"comment_status":"closed","ping_status":"open","sticky":false,"template":"","format":"standard","meta":{"footnotes":""},"categories":[4],"tags":[68,63,101,94,100],"_links":{"self":[{"href":"http:\/\/www.indemnizaciondespido.com\/blog\/wp-json\/wp\/v2\/posts\/1335"}],"collection":[{"href":"http:\/\/www.indemnizaciondespido.com\/blog\/wp-json\/wp\/v2\/posts"}],"about":[{"href":"http:\/\/www.indemnizaciondespido.com\/blog\/wp-json\/wp\/v2\/types\/post"}],"author":[{"embeddable":true,"href":"http:\/\/www.indemnizaciondespido.com\/blog\/wp-json\/wp\/v2\/users\/1"}],"replies":[{"embeddable":true,"href":"http:\/\/www.indemnizaciondespido.com\/blog\/wp-json\/wp\/v2\/comments?post=1335"}],"version-history":[{"count":37,"href":"http:\/\/www.indemnizaciondespido.com\/blog\/wp-json\/wp\/v2\/posts\/1335\/revisions"}],"predecessor-version":[{"id":1396,"href":"http:\/\/www.indemnizaciondespido.com\/blog\/wp-json\/wp\/v2\/posts\/1335\/revisions\/1396"}],"wp:attachment":[{"href":"http:\/\/www.indemnizaciondespido.com\/blog\/wp-json\/wp\/v2\/media?parent=1335"}],"wp:term":[{"taxonomy":"category","embeddable":true,"href":"http:\/\/www.indemnizaciondespido.com\/blog\/wp-json\/wp\/v2\/categories?post=1335"},{"taxonomy":"post_tag","embeddable":true,"href":"http:\/\/www.indemnizaciondespido.com\/blog\/wp-json\/wp\/v2\/tags?post=1335"}],"curies":[{"name":"wp","href":"https:\/\/api.w.org\/{rel}","templated":true}]}}