{"id":1358,"date":"2023-11-03T13:47:32","date_gmt":"2023-11-03T12:47:32","guid":{"rendered":"http:\/\/www.indemnizaciondespido.com\/blog\/?p=1358"},"modified":"2023-11-03T13:47:32","modified_gmt":"2023-11-03T12:47:32","slug":"indemnizacion-adicional-despido","status":"publish","type":"post","link":"http:\/\/www.indemnizaciondespido.com\/blog\/indemnizacion-adicional-despido.php","title":{"rendered":"Indemnizaci\u00f3n Adicional: Cobrar M\u00e1s por Despido Improcedente; Sentencia"},"content":{"rendered":"<h2><em>Indemnizaci\u00f3n Adicional por Despido<\/em> Improcedente \u00bfCu\u00e1ndo se Puede Cobrar esta Indemnizaci\u00f3n?<\/h2>\n<h3>Comentarios a una Sentencia que obliga a pagar una indemnizaci\u00f3n adicional a una trabajadora despedida<\/h3>\n<p class=\"dropCap\">Este art\u00edculo es la continuaci\u00f3n de otro en el que explic\u00e1bamos el caso de una trabajadora <em>despedida<\/em> a la que un Tribunal le otorg\u00f3 una <strong><em>indemnizaci\u00f3n adicional<\/em> por su despido<\/strong>.<\/p>\n<p><a title=\"\u00bfM\u00c1S INDEMNIZACI\u00d3N por Despido de la que dice la Ley?\" href=\".\/indemnizacion-despido-estatuto-trabajadores.php\">Leer sobre el\u00a0<strong>caso de despido<\/strong> en el que se concedi\u00f3 una <strong><em>indemnizaci\u00f3n adicional<\/em><\/strong> \u2192<\/a><\/p>\n<p>A continuaci\u00f3n vamos a explicar por qu\u00e9 se le dio esa <em>indemnizaci\u00f3n<\/em> y cu\u00e1les son los <strong>requisitos de un <em>despido<\/em><\/strong>, seg\u00fan una sentencia*, para tener <strong>derecho a cobrar esa cantidad <em>adicional<\/em><\/strong>.<\/p>\n<p><!--more Leer m\u00e1s sobre indemnizaci\u00f3n adicional por despido--><\/p>\n<hr \/>\n<h2><strong><em>Indemnizaci\u00f3n Adicional<\/em><\/strong>: \u00bfPor qu\u00e9 se le reconoce <strong>mayor <em>indemnizaci\u00f3n<\/em> por despido<\/strong>, en este caso?<\/h2>\n<p class=\"dropCap\">El Tribunal Superior de Justicia, <abbr title=\"Tribunal Superior de Justicia\">TSJ<\/abbr> de Catalu\u00f1a argumenta en su <em>Sentencia<\/em> lo siguiente:<\/p>\n<h3>La <strong><em>indemnizaci\u00f3n<\/em> por despido est\u00e1 regulada por ley<\/strong><\/h3>\n<p class=\"dropCap\">1. En el \u00e1mbito del contrato de trabajo, como ya hemos dicho, rige <strong>la <em>indemnizaci\u00f3n<\/em> tasada prevista por el Estatuto de los Trabajadores, <abbr title=\"Estatuto de los Trabajadores\">ET<\/abbr><\/strong>.<\/p>\n<p>Esta <strong><em>indemnizaci\u00f3n<\/em>, por despido improcedente,\u00a0se calcula en base a unos criterios objetivos<\/strong> como son el salario que percibe el trabajador, la antig\u00fcedad en la empresa y con sujeci\u00f3n a unos topes m\u00e1ximos.<\/p>\n<p class=\"dropCap\">2. Que la <em>indemnizaci\u00f3n<\/em> est\u00e9 tasada legalmente, proporciona seguridad jur\u00eddica, ya que el empresario conoce, con car\u00e1cter previo al <em>despido<\/em>, <strong>cu\u00e1nta <em>indemnizaci\u00f3n<\/em> va a tener que pagar al trabajador <em>despedido<\/em><\/strong>.<\/p>\n<p class=\"dropCap\">3. Esta regla general, solo ten\u00eda una EXCEPCI\u00d3N y es que la decisi\u00f3n extintiva del contrato, hubiera sido adoptado por la empresa por <strong><em>motivos discriminatorios<\/em><\/strong> o con vulneraci\u00f3n de derechos fundamentales (cosa que no sucedi\u00f3 en este caso).<\/p>\n<h3>Posibilidad de <strong>cobrar una <em>indemnizaci\u00f3n adicional<\/em> por despido improcedente<\/strong> en determinadas circunstancias<\/h3>\n<p class=\"dropCap\">4. Sin embargo, el Derecho Internacional, en concreto el Convenio 158 de la Organizaci\u00f3n Internacional del Trabajo (OIT) y el art\u00edculo 24 de la Carta Social Europea, admiten la <strong>posibilidad de reconocer a los trabajadores una <em>indemnizaci\u00f3n adicional<\/em> superior a la establecida legalmente<\/strong> y por lo tanto <em>complementaria<\/em> a esta.<\/p>\n<p class=\"dropCap\">5. En concreto, se reconocer\u00eda esta <strong><em>indemnizaci\u00f3n adicional<\/em> superior a la legal, cuando la <em>indemnizaci\u00f3n<\/em> correspondiente al <em>despido improcedente<\/em> sea peque\u00f1a o insignificante y, por este motivo, no tenga un <em>efecto disuasorio<\/em><\/strong> para la empresa, es decir, que no evite que la empresa vuelva a <em>despedir<\/em> en las mismas circunstancias.<\/p>\n<p>Adem\u00e1s, <strong>la <em>indemnizaci\u00f3n<\/em> debe ser suficiente para compensar al trabajador por la p\u00e9rdida de su empleo<\/strong>, concurriendo un abuso de derecho, por parte de la empresa, al tomar la decisi\u00f3n de extinguir el contrato del trabajador.<\/p>\n<h4>Cu\u00e1ndo ser\u00e1 insuficiente la <strong><em>indemnizaci\u00f3n<\/em> por despido<\/strong><\/h4>\n<p>La <strong><em>indemnizaci\u00f3n<\/em> se entender\u00e1 insuficiente, cuando no alcance a compensar todos los efectos y perjuicios que le ocasionen al trabajador su <em>despido<\/em><\/strong> (da\u00f1o emergente, lucro cesante, da\u00f1o moral\u2026).<\/p>\n<div class=\"ladillo boxShadow\"><q>Los da\u00f1os y perjuicios causados al ser despedidos deben ser demostrables<\/q><\/div>\n<p class=\"dropCap\">6. El <abbr title=\"Tribunal Superior de Justicia\">TSJ<\/abbr>, tambi\u00e9n dispone en su <em>Sentencia<\/em>, que para evitar cualquier atisbo de arbitrariedad sobre esta <em>indemnizaci\u00f3n adicional por despido improcedente<\/em>, <strong>el trabajador ha de demostrar los da\u00f1os y perjuicios<\/strong> que se le han ocasionado y <strong>que necesitan ser compensados con esa mayor <em>indemnizaci\u00f3n<\/em><\/strong> y debe acreditar la cantidad solicitada por tal concepto.<\/p>\n<h4><strong>Indemnizaci\u00f3n<\/strong> insuficiente en el caso que nos ocupa<\/h4>\n<p class=\"dropCap\">7. En el caso que estamos planteando, la <em>indemnizaci\u00f3n<\/em> que se le reconoci\u00f3 a Mar\u00eda G. H. era muy peque\u00f1a pues llevaba pocos meses en la empresa. No llegaba a los 1.000 euros, por lo que era claramente insignificante y no compensaba el da\u00f1o que se le hab\u00eda ocasionado al perder su trabajo.<\/p>\n<p>Al ser tan peque\u00f1a<strong> su <em>indemnizaci\u00f3n<\/em>\u00a0la condena, a\u00fan reconociendo su despido como <em>improcedente,<\/em> no serv\u00eda como disuasi\u00f3n<\/strong> para que la empresa no volviera a <em>despedir<\/em> a otros trabajadores en circunstancias similares.<\/p>\n<p>La decisi\u00f3n de la empresa, de <em>despedir<\/em> a Mar\u00eda G. H., fue abusiva y motivada por el escaso coste que supon\u00eda su <em>despido.<\/em>.<\/p>\n<div class=\"ladillo boxShadow\"><q>Si Mar\u00eda G. H. hubiera entrado en el ERTE, habr\u00eda conservado su puesto de trabajo<\/q><\/div>\n<p class=\"dropCap\">Con esta decisi\u00f3n se priv\u00f3 a Mar\u00eda G. H. de poder entrar en el <em>ERTE<\/em>, que la empresa solicit\u00f3 4 d\u00edas despu\u00e9s de su <em>despido,<\/em> con lo que la trabajadora habr\u00eda <strong>conservado su puesto de trabajo y hubiera tenido derecho a cobrar la <em>prestaci\u00f3n por desempleo<\/em><\/strong> hasta que hubiera salido del <em>ERTE,<\/em> ya que en esas circunstancias no se exig\u00eda un periodo de cotizaci\u00f3n m\u00ednimo.<\/p>\n<h3>Se le concedi\u00f3 <strong><em>indemnizaci\u00f3n adicional<\/em><\/strong> por ser insuficiente para ser disuasoria y no compensar todos los <em>perjuicios que le causo su despido<\/em><\/h3>\n<div class=\"ladillo boxShadow\"><q>Pudo cobrar 3.500 euros de <strong><em>indemnizaci\u00f3n adicional<\/em><\/strong><\/q><\/div>\n<p class=\"dropCap\">8. En base a todo ello y, dado que se hab\u00eda acreditado el da\u00f1o producido a Mar\u00eda G. H. al despedirla, <strong>el TSJ le reconoci\u00f3 que a la <em>indemnizaci\u00f3n<\/em> por <em>despido improcedente<\/em><\/strong> tasada legalmente (que eran aproximadamente 1.000 euros) habr\u00eda que <strong>a\u00f1adir la cantidad <em>adicional<\/em> de 3.493 euros m\u00e1s<\/strong>, que hubiera sido la cuant\u00eda que aproximadamente Mar\u00eda G. H. habr\u00eda cobrado por <em>prestaci\u00f3n por desempleo<\/em> estando incluida en el ERTE de la empresa.<\/p>\n<hr \/>\n<h3>Qu\u00e9 consecuencias tiene todo esto para ti si te <em>despiden<\/em>:<\/h3>\n<p class=\"dropCap\">\u2713 Esta novedosa Sentencia supondr\u00e1 sin duda un cambio en nuestro derecho laboral a la hora de <strong><em>calcular<\/em> el importe de la <em>indemnizaci\u00f3n<\/em> por despido <em>improcedente<\/em><\/strong>.<\/p>\n<div class=\"ladillo boxShadow\"><q>En la <strong><em>indemnizaci\u00f3n<\/em> se tendr\u00e1 en cuenta los posibles da\u00f1os y perjuicios<\/strong> al trabajador<\/q><\/div>\n<p>No solo habr\u00e1 que considerar la <strong>cantidad de <em>indemnizaci\u00f3n<\/em> que dice la ley, sino el total de los <em>da\u00f1os y perjuicios<\/em> causados al trabajador con la decisi\u00f3n de <em>despedir<\/em><\/strong> de la empresa, correspondi\u00e9ndole <strong><em>indemnizaci\u00f3n adicional<\/em><\/strong> cuando estos no queden cubiertos por la <em>indemnizaci\u00f3n<\/em> legalmente establecida por el Estatuto de los Trabajadores, <abbr title=\"Estatuto de los Trabajadores\">ET<\/abbr>.<\/p>\n<h3>Podr\u00edas tener <strong>derecho a una <em>indemnizaci\u00f3n adicional<\/em><\/strong><\/h3>\n<p>Como ves, hay supuestos en los que <strong>tu <em>indemnizaci\u00f3n<\/em> por despido declarado por el Juzgado como <em>improcedente<\/em> podr\u00eda ser mayor<\/strong> a la legalmente prevista, pues puede corresponderte una <strong><em>indemnizaci\u00f3n adicional<\/em><\/strong>.<\/p>\n<p>En concreto, en esta <em>sentencia<\/em> se argumenta que se tendr\u00e1 <strong>derecho a <em>indemnizaci\u00f3n adicional<\/em><\/strong> cuando la indemnizaci\u00f3n que le corresponda al trabajador\/a seg\u00fan ley sea:<\/p>\n<p class=\"dropCap\">\u2713 Insuficiente para tener efecto disuasoria y as\u00ed evitar <em>despidos improcedentes<\/em><\/p>\n<div class=\"ladillo boxShadow\"><strong><q>Si las <em>indemnizaciones por despido<\/em> son peque\u00f1as, habr\u00e1 m\u00e1s despidos <em>improcedentes<\/em><\/q><\/strong><\/div>\n<p>Hay que recordar que <strong>la <em>indemnizaci\u00f3n<\/em> por un despido que no sea <em>procedente<\/em> tiene la funci\u00f3n de disuadir a las empresas de <em>despedir<\/em><\/strong> a sus trabajadores de manera <em>improcedente<\/em>.<\/p>\n<p class=\"dropCap\">\u2713 Insuficiente para compensar todos los perjuicios que ha causado el despido al trabajador<\/p>\n<hr \/>\n<h4>No te quedes con dudas, cons\u00faltanos<\/h4>\n<p class=\"dropCap\">\u265c Defensa en <em>Despidos<\/em>: los <strong>Abogados <em>Laboralistas<\/em> en Madrid<\/strong> de Ayala y Gonz\u00e1lez <em>Abogados<\/em>.<\/p>\n<p class=\"dropCap\">Somo un <strong><em>despacho laboral<\/em> que lleva m\u00e1s de 25 a\u00f1os<\/strong> defendiendo los intereses y derechos laborales de trabajadores y trabajadoras.<\/p>\n<p>Somo especialista en la tramitaci\u00f3n de procedimientos judiciales por <em>despido,<\/em> consiguiendo para nuestros clientes <strong>la mayor <em>indemnizaci\u00f3n<\/em> posible<\/strong>.<\/p>\n<p>Si tienes dudas respecto a tu despido, ponte en contacto con nosotros. La primera consulta es totalmente gratuita y sin ning\u00fan compromiso.<\/p>\n<p class=\"dropCap\"><strong>Solo te cobraremos nuestros <em>honorarios<\/em> si conseguimos ganar tu caso<\/strong> y no tendr\u00e1s que pagarnos hasta que t\u00fa hayas recibido t\u00fa dinero.<\/p>\n<p>Ll\u00e1mame y hazme o env\u00eda tu consulta. No tienes nada que perder y <mark>s\u00ed, mucho que ganar<\/mark>.<\/p>\n<p class=\"tlfBig\">915 91 40 43<\/p>\n<p><a title=\"Consulta GRATIS con el Abogado Laboral sobre tu Despido\" href=\"..\/consulta-abogado-laboral-gratis-madrid.php\">\u2709 Si tienes dudas, preg\u00fantame: soy Julio Gonz\u00e1lez, <strong>Abogado Laboralista<\/strong> con despacho en <em>Madrid<\/em>. <strong>CONSULTA gratuitamente<\/strong> tu caso conmigo \u27a8<\/a><\/p>\n<hr \/>\n<p>*La <em>Sentencia<\/em> es de fecha 30\/01\/2023, con n\u00famero de recurso 6219\/2022.<\/p>\n<p><a title=\"El TSJ de Catalu\u00f1a otorga indemnizaci\u00f3n adicional en un despido improcedente\" href=\"https:\/\/www.poderjudicial.es\/portal\/site\/cgpj\/viewDocument?ECLI=ECLI:ES:TSJCAT:2023:2\" target=\"_blank\" rel=\"noopener noreferrer\">Consultar la Sentencia en la web del Poder Judicial \u2197<\/a><\/p>\n","protected":false},"excerpt":{"rendered":"<p>Indemnizaci\u00f3n Adicional por Despido Improcedente \u00bfCu\u00e1ndo se Puede Cobrar esta Indemnizaci\u00f3n? Comentarios a una Sentencia que obliga a pagar una indemnizaci\u00f3n adicional a una trabajadora despedida Este art\u00edculo es la continuaci\u00f3n de otro en el que explic\u00e1bamos el caso de una trabajadora despedida a la que un Tribunal le otorg\u00f3 una indemnizaci\u00f3n adicional por su &hellip; <a href=\"http:\/\/www.indemnizaciondespido.com\/blog\/indemnizacion-adicional-despido.php\" class=\"more-link\">Continuar leyendo<span class=\"screen-reader-text\"> \u00abIndemnizaci\u00f3n Adicional: Cobrar M\u00e1s por Despido Improcedente; Sentencia\u00bb<\/span><\/a><\/p>\n","protected":false},"author":1,"featured_media":0,"comment_status":"closed","ping_status":"open","sticky":false,"template":"","format":"standard","meta":{"footnotes":""},"categories":[4],"tags":[101,100],"_links":{"self":[{"href":"http:\/\/www.indemnizaciondespido.com\/blog\/wp-json\/wp\/v2\/posts\/1358"}],"collection":[{"href":"http:\/\/www.indemnizaciondespido.com\/blog\/wp-json\/wp\/v2\/posts"}],"about":[{"href":"http:\/\/www.indemnizaciondespido.com\/blog\/wp-json\/wp\/v2\/types\/post"}],"author":[{"embeddable":true,"href":"http:\/\/www.indemnizaciondespido.com\/blog\/wp-json\/wp\/v2\/users\/1"}],"replies":[{"embeddable":true,"href":"http:\/\/www.indemnizaciondespido.com\/blog\/wp-json\/wp\/v2\/comments?post=1358"}],"version-history":[{"count":21,"href":"http:\/\/www.indemnizaciondespido.com\/blog\/wp-json\/wp\/v2\/posts\/1358\/revisions"}],"predecessor-version":[{"id":1395,"href":"http:\/\/www.indemnizaciondespido.com\/blog\/wp-json\/wp\/v2\/posts\/1358\/revisions\/1395"}],"wp:attachment":[{"href":"http:\/\/www.indemnizaciondespido.com\/blog\/wp-json\/wp\/v2\/media?parent=1358"}],"wp:term":[{"taxonomy":"category","embeddable":true,"href":"http:\/\/www.indemnizaciondespido.com\/blog\/wp-json\/wp\/v2\/categories?post=1358"},{"taxonomy":"post_tag","embeddable":true,"href":"http:\/\/www.indemnizaciondespido.com\/blog\/wp-json\/wp\/v2\/tags?post=1358"}],"curies":[{"name":"wp","href":"https:\/\/api.w.org\/{rel}","templated":true}]}}