{"id":315,"date":"2019-05-09T12:57:59","date_gmt":"2019-05-09T10:57:59","guid":{"rendered":"http:\/\/www.indemnizaciondespido.com\/blog\/?p=315"},"modified":"2019-05-09T13:09:12","modified_gmt":"2019-05-09T11:09:12","slug":"despido-disciplinario-ofensas","status":"publish","type":"post","link":"http:\/\/www.indemnizaciondespido.com\/blog\/despido-disciplinario-ofensas.php","title":{"rendered":"Despido Disciplinario, Causa: OFENSAS Verbales"},"content":{"rendered":"<h2>\u00bfPueden ser causa de despido procedente las ofensas?<\/h2>\n<h3><strong>Causas de Despido Disciplinario: Ofensas Verbales<\/strong><\/h3>\n<p class=\"dropCap\">Las <strong><em>ofensas<\/em> tanto verbales como f\u00edsicas hechas al empresario, a los compa\u00f1eros de trabajo o a sus familiares, pueden ser <em>causa<\/em> de un despido <em>disciplinario<\/em>. <\/strong>As\u00ed lo dispone el art\u00edculo 54.2 apartado c) del <strong>Estatuto de los Trabajadores<\/strong>.<\/p>\n<p>A trav\u00e9s de este texto vamos a ver en qu\u00e9 ocasiones las <em>ofensas<\/em> pueden justificar un despido <em>disciplinario<\/em> y en cu\u00e1les no.<\/p>\n<p><!--more Leer m\u00e1s sobre Despido Disciplinario por Ofensas--><\/p>\n<p>Lo primero que debemos indicar, es que cualquier incumplimiento contractual realizado por un trabajador, para que pueda ser merecedor de la <strong>sanci\u00f3n de <em>despido<\/em><\/strong> debe ser <strong>GRAVE y CULPABLE<\/strong>.<\/p>\n<p>Ser\u00e1 necesario adem\u00e1s <strong>analizar cada caso concreto de manera individual<\/strong>, viendo qu\u00e9 circunstancias han rodeado el incumplimiento realizado por el trabajador, para poder aplicar de manera proporcionada cualquier sanci\u00f3n.<\/p>\n<p><strong>El derecho de LIBERTAD de EXPRESI\u00d3N del trabajador<\/strong> comprende que este pueda verter sus ideas, pensamientos, creencias y opiniones sobre otro.<\/p>\n<p>Esas opiniones pueden incluso llegar a molestar a la persona a qui\u00e9n se dirigen, pero eso <strong>no justifica el derecho a insultar, ni vejar verbalmente, ni amenazar ni agredir f\u00edsicamente, ni hacer imputaciones deshonestas sin estar respaldadas de razonamientos o pruebas<\/strong> de que lo que se imputa es verdad.<\/p>\n<h3><strong>\u00bfQu\u00e9 se debe entender por OFENSAS?<\/strong><\/h3>\n<p class=\"dropCap\">Son las <strong>expresiones tanto orales como escritas<\/strong> que atenten contra la moral, la dignidad o el honor de la persona <em>ofendida<\/em>.<\/p>\n<ol>\n<li>Pueden ser insultos, pero tambi\u00e9n la imputaci\u00f3n de hechos deshonrosos o de hechos falsos, ofensas de car\u00e1cter sexual, etc.<\/li>\n<li>Tambi\u00e9n se incluyen los <strong>gestos.<\/strong><\/li>\n<li>Tambi\u00e9n est\u00e1n incluidas las<strong> ofensas F\u00cdSICAS. <\/strong><\/li>\n<\/ol>\n<p class=\"dropCap\">Debemos indicar que la ofensa f\u00edsica <strong>NO tiene porque conllevar contacto f\u00edsico<\/strong> entre el que ofende y el ofendido, como podr\u00eda ser que un compa\u00f1ero golpee a otro.<\/p>\n<p>Pueden ser conductas simplemente intimidatorias o <strong>amenazantes<\/strong>, mediante las cuales el trabajador cree en el amenazado el miedo de sufrir alg\u00fan da\u00f1o. Y <strong>no tienen por que consumarse<\/strong>.<\/p>\n<p>Algunos EJEMPLOS son peleas, amenazar de muerte o con cualquier otro mal, romper bienes de la empresa a golpes, etc)<\/p>\n<p class=\"dropCap\">Pueden ser <strong><em>ofensas<\/em> directas<\/strong>, es decir las que se hacen en presencia del ofendido<strong> pero tambi\u00e9n indirectas, <\/strong>como son las que se vierten en <strong>redes sociales<\/strong> o a trav\u00e9s de medios electr\u00f3nicos.<\/p>\n<p class=\"dropCap\">Pueden <strong>realizarse directamente por el trabajador, pero tambi\u00e9n por medio de terceras personas ajenas a la relaci\u00f3n laboral;<\/strong> como por ejemplo, \u00a0cuando el que vierte la ofensa es un familiar o amigo del trabajador, cuando esta actitud cuente con la <strong>aprobaci\u00f3n o inducci\u00f3n del trabajador o mantenga una actitud pasiva ante la misma<\/strong>.<\/p>\n<h3><strong>\u00bfQu\u00e9 personas deben ser las <em>ofendidas<\/em> para que el despido est\u00e9 justificado como <em>disciplinario<\/em>?<\/strong><\/h3>\n<p class=\"dropCap\">Las &lt;<strong>em&gt;ofensas verbales pueden ir dirigidas contra el empresario<\/strong>, \u00a0tambi\u00e9n contra las<strong> personas que trabajan en la empresa o los familiares<\/strong> que convivan con ellos.<\/p>\n<p>La JURISPRUDENCIA de nuestros tribunales ha ampliado estos sujetos, incluyendo tambi\u00e9n a <strong>cualquier otra persona que mantenga relaci\u00f3n con la empresa en la que presta servicios el trabajador que realice la <em>ofensa<\/em>.<\/strong><\/p>\n<h2><strong>\u00bfCualquier <em>ofensa<\/em> justifica el despido <em>disciplinario<\/em> del trabajador?<\/strong><\/h2>\n<h4><strong> No todas las <em>ofensas<\/em> justifican un despido <em>disciplinario<\/em><\/strong>.<\/h4>\n<p class=\"dropCap\">El despido es la sanci\u00f3n m\u00e1s grave que se puede imponer, por lo que para que la empresa te pueda despedir por este motivo se tienen que dar una serie de <strong>REQUISITOS<\/strong>. Son los siguientes:<\/p>\n<h3>1.- Las <strong><em>ofensas verbales<\/em> tienen que revestir cierta importancia o GRAVEDAD<\/strong>.<\/h3>\n<p class=\"dropCap\">Deben ser lo suficientemente injuriosas u ofensivas.<\/p>\n<p>Al producirse estas ofensas, se transgrede la buena fe que debe haber en la relaci\u00f3n laboral,\u00a0 haci\u00e9ndose complicada la convivencia en el trabajo, entre el que ofende y el ofendido.<\/p>\n<h3>2.-La <strong>ACTITUD del trabajador debe ser <em>ofensiva<\/em>.<\/strong><\/h3>\n<p class=\"dropCap\">El trabajador debe tener la <strong>intenci\u00f3n de <em>ofender<\/em>, injuriar o menospreciar<\/strong>, atacando al honor o la dignidad o la moral de la persona ofendida, <strong>de manera injustificada, consciente, voluntaria e intencionada.<\/strong><\/p>\n<p>Corresponde al que ofende DEMOSTRAR que <strong>no ten\u00eda <em>\u00e1nimo de ofender<\/em><\/strong>, o que concurr\u00edan determinadas circunstancias en base a las cuales, la <em>ofensa<\/em>, quede minimizada.<\/p>\n<p>Una misma <em>ofensa<\/em> puede ser mas o menos grave dependiendo de qu\u00e9 circunstancias rodeen el acto <em>ofensivo<\/em>. De tal manera que en determinados casos justificar\u00e1 el despido, pero en otros no.<\/p>\n<p class=\"dropCap\">Por todo ello hay que analizar siempre con detalle el caso concreto y las circunstancias que lo rodean.<\/p>\n<h3>3.-Basta con que se produzca una \u00daNICA<strong> Ofensa<\/strong>.<\/h3>\n<p class=\"dropCap\">No es por lo tanto necesario que sea una conducta reiterada del que ofende.<\/p>\n<h3>4.- Que las <strong><em>ofensas<\/em> se realicen en el lugar y durante el tiempo de trabajo.<\/strong><\/h3>\n<p class=\"dropCap\">Si se produjeran fuera del centro o del tiempo de trabajo, para que se puedan sancionar con el despido <em>disciplinario<\/em> deber\u00e1 existir una relaci\u00f3n entre la <em>ofensa<\/em> y el entorno laboral, es decir que la ofensa est\u00e9 <strong>motivada por motivos laborales<\/strong>.<\/p>\n<h3>5.-Hay que examinar las CIRCUNSTANCIAS que concurren en <strong>cada caso.<\/strong><\/h3>\n<p class=\"dropCap\">Es imprescindible ver en que <strong>contexto se han producido estas <em>ofensas verbales<\/em><\/strong>, cu\u00e1l ha sido la conducta tanto del trabajador que ha realizado la ofensa como de la persona ofendida,<\/p>\n<p>si ya exist\u00eda un clima de tensi\u00f3n entre ambas partes, o si fue fruto de un momento de acaloramiento puntual, o si exist\u00eda una <strong>provocaci\u00f3n previa<\/strong>, las expresiones utilizadas, la finalidad perseguida,\u00a0 los medios que se empleen, tambi\u00e9n hay que valorar qu\u00e9 puesto o categor\u00eda tiene el trabajador que ofende, la antig\u00fcedad de este en el puesto de trabajo; si ha sido amonestado o\u00a0 sancionado anteriormente por una causa similar.<\/p>\n<p>Es necesario, pues, atender a las circunstancias concretas de cada caso,\u00a0 para que exista \u00a0PROPORCIONALIDAD entre la infracci\u00f3n cometida y la sanci\u00f3n impuesta, pues como decimos una misma ofensa puede ser merecedora del despido en un supuesto determinado, pero no revestir gravedad en otro supuesto distinto.<\/p>\n<h3><strong>\u00bfQue circunstancias pueden hacer que una <em>ofensa<\/em> sea GRAVE y por lo tanto que est\u00e9 JUSTIFICADO el despido <em>disciplinario<\/em>?<\/strong><\/h3>\n<p>1.- Las injurias y <strong><em>ofensas verbales<\/em> dichas en PRESENCIA del ofendido<\/strong>.<\/p>\n<p>2.- <strong>Ofensas a superiores<\/strong> jer\u00e1rquicos a quien se les debe el respeto propio de su posici\u00f3n m\u00e1s elevada.<\/p>\n<p>3.- Que las <strong><em>ofensas verbales<\/em> <\/strong>o injurias sean vertidas <strong>en presencia de otros compa\u00f1eros o de clientes<\/strong> u otras personas relacionadas con la empresa.<\/p>\n<p>4.- Las <strong><em>ofensas<\/em> f\u00edsicas se consideran casi siempre como graves<\/strong>.<\/p>\n<p>5.- Que las <strong><em>ofensas<\/em> se hagan P\u00daBLICAS<\/strong> con el fin de causar mas da\u00f1o al honor de la persona ofendida.<\/p>\n<h3><strong>\u00bfQue Circunstancias pueden hacer que una <em>ofensa<\/em> sea MENOS Grave y por lo tanto que no merezca la sanci\u00f3n <em>disciplinaria<\/em> de despido del trabajador?<\/strong><\/h3>\n<p>1.- El ARREPENTIMIENTO espont\u00e1neo del trabajador, que tras realizar la ofensa <strong>pide disculpas<\/strong> por su actuaci\u00f3n.<\/p>\n<p>2.- Que sea un trabajador que tenga mucha ANTIG\u00dcEDAD en la empresa y <strong>no se le haya sancionado nunca<\/strong> por una actitud similar.<\/p>\n<p>3.- <strong><em>Ofensas verbales<\/em> <\/strong>vertidas en situaciones de TENSI\u00d3N.<\/p>\n<p>4.- Cuando el enfrentamiento es <strong>imputable a ambas partes<\/strong> (ofensor y ofendido), como por ejemplo que la ofensa surja en una situaci\u00f3n de fuerte <em>discusi\u00f3n<\/em> entre ambos.<\/p>\n<p>5.-Cuando se produzcan ofensas entre VARIAS personas y <strong>solamente se despida a una de ellas<\/strong>, siendo responsable todos los intervinientes. En estos casos la jurisprudencia considera el <strong>despido como <em>nulo<\/em> por discriminatorio<\/strong>.<\/p>\n<p>6.- Cuando el trabajador que <em>ofende<\/em> tenga un <strong>Desequilibrio PS\u00cdQUICO<\/strong>.<\/p>\n<p>En estos supuestos los tribunales suelen exigir que dicho desequilibrio ps\u00edquico haya ocasionado que el trabajador que <em>ofende<\/em> no sea plenamente consciente de sus actos o no pueda dominarse por s\u00ed mismo.<\/p>\n<p>7.- Embriaguez.<\/p>\n<p>8.- Que el ofendido haya PROVOCADO Previamente al que <em>ofende<\/em>, haciendo que este pierda la serenidad.<\/p>\n<h3><strong>\u00bfQu\u00e9 formalidades debe cumplir la <em>CARTA de Despido disciplinario por ofensas<\/em>? <\/strong><\/h3>\n<p class=\"dropCap\">La <em>carta<\/em> deber\u00e1 indicar las <strong>causas que justifiquen la decisi\u00f3n del empresario de despedir<\/strong> al trabajador, debiendo hacer <strong>referencia concreta y precisa a las <em>ofensas<\/em><\/strong> que se supone que ha realizado el trabajador, en qu\u00e9 fecha se han producido, contra qui\u00e9n, c\u00f3mo, en que circunstancias, etc.<\/p>\n<p><strong>Si la carta de despido<\/strong> solo hiciera una alusi\u00f3n GEN\u00c9RICA sin especificar ni concretar exactamente todas estas circunstancias, el <strong>despido ser\u00eda improcedente<\/strong>.<\/p>\n<h2><strong>\u00bfQu\u00e9 hacer si me despiden por ofensas?<\/strong><\/h2>\n<h3><strong>Si el trabajador NO est\u00e1 de acuerdo con el <em>despido<\/em> por <em>ofensas<\/em> verbales<\/strong><\/h3>\n<p class=\"dropCap\">Deber\u00e1 <strong>firmar la carta de <em>despido<\/em><\/strong> como <strong>NO CONFORME.<\/strong><\/p>\n<h4>La\u00a0<strong><em>papeleta<\/em> de conciliaci\u00f3n<\/strong><\/h4>\n<p class=\"dropCap\">El trabajador deber\u00e1 <strong>interponer una <em>papeleta<\/em> de conciliaci\u00f3n<\/strong> ante el servicio de mediaci\u00f3n, arbitraje y conciliaci\u00f3n correspondiente, en el PLAZO de 20 d\u00edas <strong>h\u00e1biles<\/strong> desde la fecha del <em>despido<\/em>.<\/p>\n<p>No cuentan, en este c\u00f3mputo ni los s\u00e1bados, ni los domingos ni los festivos.<\/p>\n<h4><strong><em>La demanda<\/em> por despido <\/strong><\/h4>\n<p class=\"dropCap\">Si en fase de conciliaci\u00f3n administrativa, <strong>no se llegase a ning\u00fan acuerdo<\/strong>, deber\u00e1 interponer <strong><em>demanda<\/em> por despido ante los Juzgados de lo Social, en el <em>plazo<\/em> no consumido de los 20 d\u00edas antes referidos.<\/strong><\/p>\n<p>Ser\u00e1 el juez, en este caso el que decida si el <em>despido<\/em> es procedente, improcedente o nulo.<\/p>\n<h3><strong>\u00bfQui\u00e9n debe probar que el trabajador ha proferido las <em>ofensas<\/em>?<\/strong><\/h3>\n<p class=\"dropCap\">Es el EMPRESARIO el que debe<strong> probar que el trabajador ha proferido tales <em>ofensas verbales<\/em><\/strong>, cu\u00e1ndo han sucedido los hechos y en qu\u00e9 circunstancias han ocurrido.<\/p>\n<p>Deber\u00e1 convencer al juzgado que la decisi\u00f3n de sancionar al trabajador con despido <em>disciplinario<\/em> es razonable y proporcional al incumplimiento que este ha realizado.<\/p>\n<h3><strong>\u00bfQu\u00e9 debe probar el trabajador?<\/strong><\/h3>\n<p class=\"dropCap\">Tendr\u00e1 que demostrar, todas aquellas <strong>circunstancias que aminoren la gravedad de las <em>ofensas<\/em><\/strong> vertidas o que le EXIMAN de responsabilidad, tal como por ejemplo:<\/p>\n<p>que hubo una provocaci\u00f3n previa por la persona que se siente <em>ofendida<\/em>, que no ten\u00eda intenci\u00f3n de <em>ofender<\/em> o injuriar, que estaba en un momento de especial vulnerabilidad por alg\u00fan motivo, etc.<\/p>\n<h3><strong>\u00bfC\u00f3mo puede CALIFICAR el juzgado, mi <em>despido<\/em>?<\/strong><\/h3>\n<h4>1.- <strong>Procedente:<\/strong><\/h4>\n<p class=\"dropCap\">Si la empresa logra acreditar que la ofensa verbal y que esta adem\u00e1s es grave y culpable.<\/p>\n<p>En este caso el trabajador <strong>NO percibir\u00e1 <em>indemnizaci\u00f3n<\/em><\/strong> alguna y el contrato se declarar\u00e1 extinguido.<\/p>\n<h4>2.- <strong>Improcedente<\/strong>:<\/h4>\n<p class=\"dropCap\">Si la empresa no logra acreditar la <em>ofensa o injuria<\/em>, o no demuestra que esta reviste de suficiente gravedad como para ser sancionada con el despido o que hubo voluntariedad y \u00e1nimo de injurir.<\/p>\n<p>En este supuesto la empresa tendr\u00e1 <strong>dos opciones<\/strong>,<\/p>\n<ul>\n<li><strong>Readmitir al trabajador<\/strong> en su puesto de trabajo y en las mismas condiciones que ten\u00eda antes de ser despedido, procediendo a pagarle los s<strong>alarios dejados de percibir desde el despido hasta la sentencia<\/strong><\/li>\n<li><span style=\"line-height: inherit;\">Abonarle la<\/span><strong style=\"line-height: inherit;\"> <em>indemnizaci\u00f3n<\/em> correspondiente a los despidos improcedentes<\/strong><span style=\"line-height: inherit;\">. La opci\u00f3n por la indemnizaci\u00f3n determina <\/span><strong style=\"line-height: inherit;\">la extinci\u00f3n del contrato de trabajo.<\/strong><\/li>\n<\/ul>\n<h4>3.- N<strong>ulo<\/strong>:<\/h4>\n<p class=\"dropCap\">En los caso en los que el despido se deba a alg\u00fan <strong>motivo <em>discriminatorio<\/em><\/strong>, como por ejemplo que hayan sido <strong>varios los trabajadores que hayan protagonizado las <em>ofensas verbales<\/em> y solamente se haya despido a uno de ellos<\/strong>, mereciendo igual castigo todos los dem\u00e1s.<\/p>\n<p>En este caso el empresario s\u00f3lo puede <strong>readmitir al trabajador<\/strong> en su puesto de trabajo y en las mismas condiciones que \u00e9ste ten\u00eda antes de su despido, <strong>abon\u00e1ndole los salarios de tramitaci\u00f3n.<\/strong><\/p>\n<p class=\"dropCap\">El <strong>despido adem\u00e1s, ser\u00e1 nulo<\/strong> cuando concurra alguna causa de <strong>discriminaci\u00f3n<\/strong>, cuando se produzca una <strong>violaci\u00f3n de los derechos fundamentales del trabajador<\/strong> o en aquellos casos en los que la normativa laboral lo determine, como ocurre por EJEMPLO:<\/p>\n<ul>\n<li>Despido durante el periodo de <strong>descaso de maternidad<\/strong> o de riesgo en el embarazo o durante la <strong>lactancia<\/strong><\/li>\n<li>Despido de las trabajadoras <strong>embarazadas<\/strong> o que est\u00e9n disfrutando del permiso de lactancia o la <strong>reducci\u00f3n de jornada por hijo menor de 12 a\u00f1os <\/strong><\/li>\n<li>Trabajadoras <strong>victimas de violencia de g\u00e9nero<\/strong> durante el ejercicio de su derecho a reducir su jornada&#8230;<\/li>\n<\/ul>\n<p>En estos supuestos <strong>el despido es <em>nulo<\/em>, siempre y cuando la empresa no logre demostrar que el despido obedece a causas ajenas<\/strong> al ejercicio de estos derechos y permisos relacionados con el embarazo, lactancia, violencia de g\u00e9nero, maternidad&#8230;<\/p>\n<h3><strong>Si me despiden <em>disciplinariamente<\/em> por ofensas, \u00bfpuedo cobrar el PARO?<\/strong><\/h3>\n<p class=\"dropCap\">Si, podr\u00e1s solicitar la <strong>prestaci\u00f3n por desempleo<\/strong> y si re\u00fanes los requisitos exigidos para su percepci\u00f3n, la cobrar\u00e1s.<\/p>\n<h3><strong>\u00bfMe tiene que <em>PREAVISAR<\/em> la empresa con d\u00edas de antelaci\u00f3n a que sea efectivo mi despido <em>disciplinario<\/em>?<\/strong><\/h3>\n<p><strong>La regla general es que NO.<\/strong><\/p>\n<p class=\"dropCap\">La empresa <strong>no tiene la obligaci\u00f3n de preavisarte de este tipo de despido<\/strong>. De hecho lo normal es que te comuniquen por escrito el despido el mismo d\u00eda en que este tiene efectos.<\/p>\n<p><strong>No obstante siempre hay que estar a lo que disponga el Convenio Colectivo<\/strong> de aplicaci\u00f3n, pues en ocasiones, establece una serie de requisitos o procedimientos para poder proceder a este tipo de <em>despidos<\/em>, que el empresario debe cumplir primero.<\/p>\n<p>En el caso de que el que ofende sea un <strong>trabajador afiliado a un Sindicato<\/strong>, antes de proceder al despido, la empresa debe dar <strong>audiencia al Delegado Sindical<\/strong> correspondiente.<\/p>\n<p>Cuando el trabajador <em>despedido<\/em> sea un <strong>representante unitario o Delegado Sindical<\/strong>, debe haber, previo al despido, <strong>un expediente contradictorio o disciplinario<\/strong> en los t\u00e9rminos establecidos en la Ley Org\u00e1nica de Libertad Sindical y en los convenio Colectivos correspondiente.<\/p>\n<h2><strong>\u00bfA qui\u00e9n tengo que acudir si la empresa me <em>despide<\/em> por verter\u00a0 <em>ofensas<\/em> verbales o f\u00edsicas?<\/strong><\/h2>\n<p class=\"dropCap\">Es muy importante que te pongas en manos de un<strong> Abogado especializado en derecho <em>laboral<\/em>.<\/strong><\/p>\n<p><!--googleoff: index--><\/p>\n<h4>No te quedes con dudas, llama<\/h4>\n<p>Ayala y Gonz\u00e1lez Abogados, somos un <strong>despacho con m\u00e1s de 20 a\u00f1os de experiencia<\/strong> en casos como el tuyo.<\/p>\n<p>Somos un despacho <strong>especializados en Derecho Laboral<\/strong> y en la defensa de trabajadores, que como t\u00fa, han sido <strong>despedidos<\/strong>.<\/p>\n<p>Luchamos para <strong>conseguirte la m\u00e1xima indemnizaci\u00f3n<\/strong> posible. De tu \u00e9xito depende el nuestro ya que <strong>solo cobramos si t\u00fa ganas.<\/strong><\/p>\n<p class=\"dropCap\">\u2713 La primera <strong>consulta es totalmente <em>gratuita<\/em><\/strong> y sin ning\u00fan tipo de compromiso.<\/p>\n<p class=\"tlfBig\">910 28 06 74<\/p>\n<p>Ll\u00e1mame.\u00a0No tienes nada que perder y <strong>s\u00ed mucho que ganar<\/strong>.<\/p>\n<p><a title=\"Consulta Abogado Laboral GRATIS | Consultar Gratis Despido\" href=\"..\/consulta-abogado-laboral-gratis-madrid.php\">\u2709 Si aun te quedan dudas, preg\u00fantame: soy Julio Gonz\u00e1lez, <strong>Abogado Laboralista<\/strong> con despacho en <em>Madrid<\/em>. <strong>CONSULTA gratuitamente<\/strong> tu caso conmigo \u27a8<\/a><br \/>\n<!--googleon: index--><\/p>\n","protected":false},"excerpt":{"rendered":"<p>\u00bfPueden ser causa de despido procedente las ofensas? Causas de Despido Disciplinario: Ofensas Verbales Las ofensas tanto verbales como f\u00edsicas hechas al empresario, a los compa\u00f1eros de trabajo o a sus familiares, pueden ser causa de un despido disciplinario. As\u00ed lo dispone el art\u00edculo 54.2 apartado c) del Estatuto de los Trabajadores. A trav\u00e9s de &hellip; <a href=\"http:\/\/www.indemnizaciondespido.com\/blog\/despido-disciplinario-ofensas.php\" class=\"more-link\">Continuar leyendo<span class=\"screen-reader-text\"> \u00abDespido Disciplinario, Causa: OFENSAS Verbales\u00bb<\/span><\/a><\/p>\n","protected":false},"author":1,"featured_media":319,"comment_status":"closed","ping_status":"open","sticky":false,"template":"","format":"standard","meta":{"footnotes":""},"categories":[5],"tags":[33,34,32],"_links":{"self":[{"href":"http:\/\/www.indemnizaciondespido.com\/blog\/wp-json\/wp\/v2\/posts\/315"}],"collection":[{"href":"http:\/\/www.indemnizaciondespido.com\/blog\/wp-json\/wp\/v2\/posts"}],"about":[{"href":"http:\/\/www.indemnizaciondespido.com\/blog\/wp-json\/wp\/v2\/types\/post"}],"author":[{"embeddable":true,"href":"http:\/\/www.indemnizaciondespido.com\/blog\/wp-json\/wp\/v2\/users\/1"}],"replies":[{"embeddable":true,"href":"http:\/\/www.indemnizaciondespido.com\/blog\/wp-json\/wp\/v2\/comments?post=315"}],"version-history":[{"count":9,"href":"http:\/\/www.indemnizaciondespido.com\/blog\/wp-json\/wp\/v2\/posts\/315\/revisions"}],"predecessor-version":[{"id":325,"href":"http:\/\/www.indemnizaciondespido.com\/blog\/wp-json\/wp\/v2\/posts\/315\/revisions\/325"}],"wp:featuredmedia":[{"embeddable":true,"href":"http:\/\/www.indemnizaciondespido.com\/blog\/wp-json\/wp\/v2\/media\/319"}],"wp:attachment":[{"href":"http:\/\/www.indemnizaciondespido.com\/blog\/wp-json\/wp\/v2\/media?parent=315"}],"wp:term":[{"taxonomy":"category","embeddable":true,"href":"http:\/\/www.indemnizaciondespido.com\/blog\/wp-json\/wp\/v2\/categories?post=315"},{"taxonomy":"post_tag","embeddable":true,"href":"http:\/\/www.indemnizaciondespido.com\/blog\/wp-json\/wp\/v2\/tags?post=315"}],"curies":[{"name":"wp","href":"https:\/\/api.w.org\/{rel}","templated":true}]}}