{"id":53,"date":"2017-10-24T14:16:16","date_gmt":"2017-10-24T12:16:16","guid":{"rendered":"http:\/\/www.indemnizaciondespido.com\/blog\/?p=53"},"modified":"2019-09-23T14:26:22","modified_gmt":"2019-09-23T12:26:22","slug":"despido-disciplinario-faltas-asistencia-impuntualidad","status":"publish","type":"post","link":"http:\/\/www.indemnizaciondespido.com\/blog\/despido-disciplinario-faltas-asistencia-impuntualidad.php","title":{"rendered":"Despido Disciplinario por FALTAS de Asistencia e Impuntualidad"},"content":{"rendered":"<h2><strong>Despido <em>Disciplinario<\/em> por Faltas de Asistencia<\/strong><\/h2>\n<p>Sobre el <strong>Despido <em>disciplinario<\/em><\/strong> el art. 54.1 del Estatuto de los Trabajadores (E.T.) se\u00f1ala que:\u00bbEl contrato de trabajo podr\u00e1 extinguirse por decisi\u00f3n del empresario, mediante <em>despido<\/em> basado en un incumplimiento grave y culpable del trabajador.\u00bb<br \/>\n<!--more Leer m\u00e1s--><br \/>\nConcretando en su apartado 2. Se consideraran incumplimientos contractuales: \u201ca) <strong>Las faltas repetidas e injustificadas de asistencia o puntualidad al trabajo<\/strong>.\u00bb<\/p>\n<h3><strong><em>Faltas<\/em> de asistencia<\/strong> o impuntualidad reiteradas y no justificadas<\/h3>\n<p>Es de se\u00f1alar que la jurisprudencia ha se\u00f1alado que la inasistencia se refiere a aquellos casos en que <strong>el trabajador no acude al trabajo<\/strong> para cumplir su jornada diaria, mientras que la <strong>impuntualidad equivale tanto a llegar tarde al trabajo como a marcharse antes de lo debido<\/strong>, incluso volver tarde del descanso para el desayuno, ausentarse del mismo sin justificaci\u00f3n y dentro de la jornada.<\/p>\n<h4><strong>FALTAS DE ASISTENCIA\u00a0REPETIDAS E INJUSTIFICADAS<\/strong><\/h4>\n<p>Para que <strong>las <em>faltas<\/em> de asistencia o la impuntualidad sean consideradas causa de <em>despido<\/em><\/strong> debe concurrir en ellas tanto <strong>la repetici\u00f3n como la falta de justificaci\u00f3n<\/strong>, esto es, la conducta del trabajador debe ser reiterada y carente de todo motivo que la justifique.<\/p>\n<p>Sin embargo, <strong>NO son <em>faltas<\/em> de puntualidad los retrasos que son compensados<\/strong> por el trabajador alargando su jornada y saliendo m\u00e1s tarde.<\/p>\n<h3>\u00bfCU\u00c1NTAS Faltas de asistencia o de impuntualidad, justifican un <strong>despido <em>disciplinario<\/em>?<\/strong><\/h3>\n<p>El E.T., no se\u00f1ala cu\u00e1ntas faltas de asistencia o de puntualidad son necesarias para justificar un despido. El T.S., ha establecido que ser\u00e1n <strong>los <em>convenios<\/em> colectivos<\/strong> los que concreten, en su cat\u00e1logo de infracciones y sanciones, <strong>el n\u00famero de <em>faltas<\/em> de asistencia o puntualidad que justifican el <em>despido\u00a0disciplinario<\/em><\/strong>; y tambi\u00e9n la forma de computarlas o el periodo temporal en que deben producirse.<\/p>\n<p>Si el <em>convenio<\/em> no establece nada, <strong>ser\u00e1n los Juzgados y Tribunales<\/strong> los que determinen, atendiendo a las concretas circunstancias del caso, el momento en que se producen y los efectos que causan a la empresa; qu\u00e9 n\u00famero de faltas constituyen repetici\u00f3n suficiente para sancionarse con el despido.<\/p>\n<p>En cualquier caso l<strong>a <em>jurisprudencia<\/em> ha indicado que deben ser siempre m\u00e1s de una<\/strong>, y adem\u00e1s se debe apelar a la tolerancia empresarial y a la realizaci\u00f3n de <strong>advertencias previas al trabajador<\/strong> sobre las consecuencias de su comportamiento, antes de proceder al <strong>despido <em>por causas\u00a0disciplinarias<\/em><\/strong>.<\/p>\n<h3>\u00bfFaltas de asistencia o de impuntualidad?<\/h3>\n<p>Por otro lado, <strong>las faltas repetidas de asistencia no se refiere a d\u00edas naturales<\/strong> de 0 a 24 horas, sino que <strong>se refieren a jornadas de trabajo<\/strong>, sea cual sea el horario fijado y su duraci\u00f3n, con tal de que se verifique el tiempo exigible al trabajador en horas de permanencia en su puesto de trabajo.<\/p>\n<p>Por el contrario, la presencia del trabajador durante parte de su horario laboral, de manera que se <strong>ausenta de su puesto de trabajo solamente una parte su jornada<\/strong>, ya sea al principio, al final o en su tramo medio, <strong>no constituye una falta de asistencia, sino una <em>falta<\/em> de puntualidad<\/strong>, debido a que simplemente supone un <strong>incumplimiento del horario<\/strong>.<\/p>\n<p>Se deben tomar como referencia, por tanto, <strong>jornadas completas<\/strong> en la duraci\u00f3n que el trabajador tenga establecida y no ausencias parciales de la jornada, que dar\u00e1 lugar a un supuesto de <em>impuntualidad.<\/em><\/p>\n<h3>JUSTIFICAR Faltas de asistencia o impuntualidad<\/h3>\n<p>En cuanto a la <strong>justificaci\u00f3n de las <em>faltas<\/em><\/strong><em>,<\/em> la carga de probar la justificaci\u00f3n de la ausencia o <em>impuntualidad<\/em> <strong>corresponde al trabajador<\/strong>, es decir, e<strong>l trabajador debe exponer el motivo que justificar\u00eda su falta de asistencia o de puntualidad<\/strong>, si quiere evitar la sanci\u00f3n de despido.<\/p>\n<p>La <em>jurisprudencia<\/em> tambi\u00e9n ha ido introduciendo determinadas matizaciones y ha se\u00f1alado, con car\u00e1cter general que <strong>la <em>falta<\/em> de asistencia o de puntualidad quedar\u00e1 <em>justificada<\/em> cuando exista precepto legal o reglamentario, o circunstancia moral o social<\/strong>, que disculpe dicha conducta.<\/p>\n<p>Tambi\u00e9n ha se\u00f1alado que <strong>es posible justificar \u00aba posteriori\u00bb las ausencias<\/strong> o <em>faltas de puntualidad<\/em> en aquellos casos en que <strong>no sea posible preavisar<\/strong>.<\/p>\n<p>En el mismo sentido, los tribunales tambi\u00e9n han se\u00f1alado que <strong>la tolerancia empresarial frente a la conducta del trabajador puede justificar las impuntualidades o inasistencias<\/strong>, siendo el cambio de criterio empresarial, sin la previa advertencia al trabajador, un atentado al principio de la buena fe contractual.<\/p>\n<p>En todo caso, la empresa, en el supuesto de faltas de puntualidad deber\u00e1 requerir <strong>advertencia <em>previa<\/em> al trabajador antes de <em>despedirle\u00a0por causas\u00a0disciplinarias<\/em><\/strong>.<\/p>\n<p><a title=\"Despido DISCIPLINARIO Improcedente e Indemnizacion\" href=\"http:\/\/www.despidodisciplinario.net\/\" target=\"_blank\" rel=\"noopener noreferrer\">\u25ba En esta otra web puedes saber m\u00e1s sobre <strong>Despido <em>DISCIPLINARIO<\/em><\/strong>, sus <em>Causas<\/em> y <strong>C\u00f3mo cobrar la <em>indemnizaci\u00f3n<\/em><\/strong> laboral, que te corresponde \u2192<\/a><\/p>\n","protected":false},"excerpt":{"rendered":"<p>Despido Disciplinario por Faltas de Asistencia Sobre el Despido disciplinario el art. 54.1 del Estatuto de los Trabajadores (E.T.) se\u00f1ala que:\u00bbEl contrato de trabajo podr\u00e1 extinguirse por decisi\u00f3n del empresario, mediante despido basado en un incumplimiento grave y culpable del trabajador.\u00bb<\/p>\n","protected":false},"author":1,"featured_media":0,"comment_status":"closed","ping_status":"open","sticky":false,"template":"","format":"standard","meta":{"footnotes":""},"categories":[5,4],"tags":[12,6,7],"_links":{"self":[{"href":"http:\/\/www.indemnizaciondespido.com\/blog\/wp-json\/wp\/v2\/posts\/53"}],"collection":[{"href":"http:\/\/www.indemnizaciondespido.com\/blog\/wp-json\/wp\/v2\/posts"}],"about":[{"href":"http:\/\/www.indemnizaciondespido.com\/blog\/wp-json\/wp\/v2\/types\/post"}],"author":[{"embeddable":true,"href":"http:\/\/www.indemnizaciondespido.com\/blog\/wp-json\/wp\/v2\/users\/1"}],"replies":[{"embeddable":true,"href":"http:\/\/www.indemnizaciondespido.com\/blog\/wp-json\/wp\/v2\/comments?post=53"}],"version-history":[{"count":17,"href":"http:\/\/www.indemnizaciondespido.com\/blog\/wp-json\/wp\/v2\/posts\/53\/revisions"}],"predecessor-version":[{"id":404,"href":"http:\/\/www.indemnizaciondespido.com\/blog\/wp-json\/wp\/v2\/posts\/53\/revisions\/404"}],"wp:attachment":[{"href":"http:\/\/www.indemnizaciondespido.com\/blog\/wp-json\/wp\/v2\/media?parent=53"}],"wp:term":[{"taxonomy":"category","embeddable":true,"href":"http:\/\/www.indemnizaciondespido.com\/blog\/wp-json\/wp\/v2\/categories?post=53"},{"taxonomy":"post_tag","embeddable":true,"href":"http:\/\/www.indemnizaciondespido.com\/blog\/wp-json\/wp\/v2\/tags?post=53"}],"curies":[{"name":"wp","href":"https:\/\/api.w.org\/{rel}","templated":true}]}}