{"id":582,"date":"2020-03-15T21:55:11","date_gmt":"2020-03-15T20:55:11","guid":{"rendered":"http:\/\/www.indemnizaciondespido.com\/blog\/?p=582"},"modified":"2020-07-14T12:47:43","modified_gmt":"2020-07-14T10:47:43","slug":"erte-coronavirus","status":"publish","type":"post","link":"http:\/\/www.indemnizaciondespido.com\/blog\/erte-coronavirus.php","title":{"rendered":"ERTE\u00a0por CORONAVIRUS \u00bfSoluci\u00f3n para empresas y pymes en la C. de Madrid?"},"content":{"rendered":"<h2><strong><em>ERTE, Expediente de Regulaci\u00f3n de Empleo Temporal,<\/em>\u00a0debido al\u00a0<em>coronavirus<\/em><\/strong><\/h2>\n<p><a title=\"Nuevas Medidas ERTE por Coronavirus, Madrid\" href=\".\/erte-estado-alarma-medidas.php\">En este otro art\u00edculo recogemos las novedades en <strong>tramitaci\u00f3n para <em>ERTE`s<\/em> por coronavirus en la C. de <em>Madrid<\/em><\/strong> \u2192<\/a><\/p>\n<h3>Se disparan la tramitaci\u00f3n de\u00a0<strong>ERTE<\/strong>`s por el <em>coronavirus<\/em> en la Comunidad de <em>Madrid<\/em><\/h3>\n<p><strong><abbr title=\"Expediente de Regulaci\u00f3n de Empleo Temporal\">ERTE<\/abbr> o ERE <em>Temporal<\/em>\u00a0por CORONAVIRUS<\/strong> \u00bfPor qu\u00e9 se est\u00e1 produciendo esta avalancha? Podr\u00eda ser la <strong>\u00fanica soluci\u00f3n desesperada de supervivencia de muchas <em>empresas<\/em>, sobre todo\u00a0<em><abbr title=\"Peque\u00f1a y mediana empresa\">pymes<\/abbr><\/em><\/strong>.<\/p>\n<p>En <strong><em>Madrid<\/em><\/strong>, una de las <em>comunidades<\/em> de Espa\u00f1a m\u00e1s afectadas por contagios por <strong><em>coronavirus<\/em> el n\u00famero de <em>ERTE<\/em>\u00b4s se est\u00e1 disparando<\/strong>, ya que se alza como una posible <strong>soluci\u00f3n <em>temporal<\/em><\/strong> a esta crisis global.<\/p>\n<p>Os queremos explicar a trav\u00e9s de este texto y de manera muy breve y f\u00e1cil <strong>en qu\u00e9 consiste un\u00a0<em>ERTE<\/em>, y c\u00f3mo afecta tanto a las <em>pymes<\/em> y dem\u00e1s empresas como a los <em>trabajadores<\/em><\/strong>.<br \/>\n<!--more Leer m\u00e1s sobre ERTE\u00a0por CORONAVIRUS--><\/p>\n<h4>La crisis del <strong>covid-19<\/strong><\/h4>\n<p class=\"dropCap\">Estamos viviendo, con la aparici\u00f3n del <strong>covid-19 o\u00a0<em>coronavirus<\/em><\/strong> en las \u00faltimas semanas, una compleja situaci\u00f3n a nivel mundial, con una grave crisis sanitaria, pero tambi\u00e9n econ\u00f3mica y social de imprevisibles consecuencias.<\/p>\n<p>Esta situaci\u00f3n est\u00e1 causando mucha incertidumbre y <strong>angustia entre empresas y trabajadores<\/strong> que no saben muy bien a qu\u00e9 atenerse ni qu\u00e9 hacer para enfrentarse a lo que en las pr\u00f3ximas semanas parece que se nos viene encima.<\/p>\n<p>Una vez decretado el ESTADO de ALARMA en nuestro pa\u00eds, se prev\u00e9n que se aplicar\u00e1n limitaciones a nuestros derechos fundamentales que tiendan a garantizar la salud de todos, entre ellos a la libre circulaci\u00f3n de personas.<\/p>\n<p>Hemos de permanecer en casa el mayor tiempo posible, lo cual hace que <strong>muchos <em>trabajadores<\/em> no puedan acudir a trabajar<\/strong> a sus empresas y que estas tengan sin m\u00e1s remedio que <strong>echar el cierre <em>temporalmente<\/em><\/strong>, o ver reducidas dr\u00e1sticamente sus <em>plantillas<\/em> para evitar contagios.<\/p>\n<p>En otras ocasiones es <strong>el gobierno el que ya ha ordenado el cierre <em>temporal<\/em><\/strong> de numerosos centros, como colegios y universidades y de negocios dedicados principalmente a la <strong><em>hosteler\u00eda<\/em> como bares y restaurantes<\/strong>, cines, teatros, museos y lugares de ocio, entre otros; pero que sin duda <strong>terminar\u00e1 afectando a todos los sectores<\/strong>.<\/p>\n<p>En algunos casos la falta de abastecimiento, es la que impide mantener el ritmo de producci\u00f3n habitual en la empresa, lo cual provoca que no pueda continuar con su actividad como lo hac\u00eda normalmente.<\/p>\n<p>Otras veces son los <em>contagios<\/em> que se han producido en la plantilla de los trabajadores lo que aconsejan <strong>cerrar la empresa <em>temporalmente<\/em><\/strong>. Esto ocurre sobre todo en el caso de\u00a0<strong><em><abbr title=\"Peque\u00f1a y mediana empresa\">pymes<\/abbr><\/em><\/strong>, por ejemplo, en el sector de <strong>hosteler\u00eda, bares y restaurantes; tambi\u00e9n en tiendas<\/strong> y peque\u00f1o comercio, etc.<\/p>\n<p>En estas situaciones que se prolongar\u00e1 varias semanas, son ya <strong>muchas las empresas, sobre todo <em>pymes<\/em><\/strong>, que han optado por comenzar a <strong>tramitar <em>expedientes de regulaci\u00f3n temporal de empleo<\/em><\/strong>, com\u00fanmente conocidos como <strong><em><abbr title=\"Expediente de Regulaci\u00f3n de Empleo Temporal\">ERTE<\/abbr><\/em><\/strong>. Hay tambi\u00e9n quien lo llama\u00a0<strong>ERE <em>Temporal<\/em><\/strong><\/p>\n<h3><strong>\u00bfQu\u00e9 es un <em>ERTE o\u00a0ERE Temporal<\/em>?<\/strong><\/h3>\n<p class=\"dropCap\">Es un procedimiento que permite aplicar medidas de <strong>car\u00e1cter temporal<\/strong> que permiten a las <em>empresas<\/em> <strong>suspender los <em>contratos<\/em> de trabajo <\/strong>que mantiene con sus trabajadores<strong> o reducir las <em>jornadas<\/em> laborales, <\/strong>durante el tiempo que dure la <em>causa<\/em> que lo motive.<\/p>\n<h3><strong>\u00bfQu\u00e9 <em>REQUISITOS<\/em> hay para que una empresa pueda acogerse a un <em>ERTE<\/em> debido al\u00a0<em>coronavirus<\/em>?<\/strong><\/h3>\n<p>Hay DOS Tipos principales de <strong><em>requisitos<\/em><\/strong> o <strong><em>causas<\/em><\/strong>\u00a0en general<strong> por las que una <em>empresa<\/em> puede acogerse a un <abbr title=\"Expediente de Regulaci\u00f3n de Empleo Temporal\">ERTE<\/abbr><\/strong>:<\/p>\n<p class=\"dropCap\">1. Deber\u00e1n existir <strong><em>causas<\/em> t\u00e9cnicas, organizativas y de producci\u00f3n<\/strong><\/p>\n<p>2. Por <strong>causas de Fuerza Mayor<\/strong><\/p>\n<h4 class=\"dropCap\"><strong><em>1 Causas<\/em> t\u00e9cnicas, <abbr title=\" Organizativas\">ORG<\/abbr>. y de producci\u00f3n<\/strong><\/h4>\n<p>La crisis del <strong><em>coronavirus<\/em><\/strong> est\u00e1 provocando que muchas <strong>empresas, sobre todo <em>pymes,<\/em>\u00a0no puedan prestar sus servicios<\/strong> de manera total o parcial, porque est\u00e1n empezando a escasear los recursos que necesitan para realizar su actividad, o bien porque la demanda de servicios o <strong>las ventas est\u00e1 disminuyendo<\/strong>, y con ello la actividad de la empresa.<\/p>\n<p>En estas circunstancias estar\u00eda <strong>justificado que la empresa pudiera acogerse a un <em>ERTE<\/em><\/strong> fundamentado en estos <em>motivos<\/em>.<\/p>\n<h4 class=\"dropCap\">2. C<strong>ausas de <em>Fuerza Mayor<\/em><\/strong><\/h4>\n<p>En otras ocasiones son las propias <strong>autoridades sanitarias<\/strong> las que est\u00e1n decidiendo <em>suspender<\/em> de manera parcial o total la actividad de ciertas empresas, es este caso por la <strong>alerta por el <em>covid<\/em>-19<\/strong>.<\/p>\n<p>Tambi\u00e9n cuando lo acuerden los representantes de los trabajadores por haber alg\u00fan <strong>contagio de <em>coronavirus<\/em> en la plantilla<\/strong> de empleados y el riesgo de propagaci\u00f3n en la <em>empresa<\/em> sea inminente, debiendo permanecer los <strong>trabajadores en <em>cuarentena<\/em><\/strong>.<\/p>\n<p>Para estas circunstancias, tambi\u00e9n est\u00e1 previsto el <strong><em><abbr title=\"Expediente de Regulaci\u00f3n de Empleo Temporal\">ERTE<\/abbr><\/em><\/strong>.<\/p>\n<h3>\u00bfQu\u00e9 podemos hacer en estos casos de posible <strong><em>ERTE o\u00a0ERE Temporal<\/em><\/strong>?<\/h3>\n<p>En estos supuestos, una <em>soluci\u00f3n<\/em> a las empresas es la tramitaci\u00f3n de un <strong>expediente de regulaci\u00f3n de empleo<\/strong>, en el cual vamos a poder hacer dos cosas:<\/p>\n<p class=\"dropCap\">A. <strong>SUSPENDER, <em>Temporalmente<\/em><\/strong>, todos o parte de los <strong>Contratos de Trabajo<\/strong> de los empleados.<\/p>\n<p>O bien;<\/p>\n<p class=\"dropCap\">B. <strong>REDUCIR su <em>Jornada<\/em> de Trabajo<\/strong> entre un 10% y un 70%.<\/p>\n<h3><strong>\u00bfCU\u00c1NTOS Trabajadores tiene que tener la <em>empresa<\/em> para poder acogerse a un <em>ERTE<\/em>?<\/strong><\/h3>\n<p class=\"dropCap\">Podr\u00e1n acogerse TODAS las <strong>empresas que cumplan con los <em>requisitos<\/em><\/strong> que hemos indicado antes, independientemente del n\u00famero de trabajadores que tengan. Esto es, sirve\u00a0tambi\u00e9n para las <strong><em>pymes<\/em><\/strong><\/p>\n<h3><strong>\u00bfDurante CU\u00c1NTO Tiempo se puede aplicar un ERE <em>Temporal<\/em>?<\/strong><\/h3>\n<p class=\"dropCap\"><strong>Podr\u00e1 <em>durar<\/em> tanto como dure la situaci\u00f3n<\/strong> que se pretenda superar.<\/p>\n<p>En principio la <em>duraci\u00f3n<\/em> ser\u00e1 la que se haya <strong>acordado en el periodo de consultas con los representantes de los trabajadores<\/strong> o la que determine la autoridad laboral.<\/p>\n<h3>\u00bfSe puede prorrogar o <strong>encadenar varios <em>ERTE<\/em><\/strong>\u00b4s?<\/h3>\n<p class=\"dropCap\">No hay l\u00edmite temporal establecido legalmente y es posible <strong>encadenar varios <em>ERTE<\/em><\/strong>\u00b4s si hay justificaci\u00f3n para hacerlo y cumpliendo con todos los requisitos <em>legales<\/em>.<\/p>\n<h2><strong>\u00bfC\u00f3mo se <em>tramita<\/em> un <em>ERTE<\/em>?<\/strong><\/h2>\n<p>La <strong><em>tramitaci\u00f3n<\/em> es diferente si el motivo del <em>ERTE<\/em><\/strong> son las <em>causas t\u00e9cnicas<\/em>, productivas o de organizaci\u00f3n que si es por <em>fuerza mayor<\/em>.<\/p>\n<p class=\"dropCap\">1. En el primer caso, <strong><em>ERTE<\/em> por <em>causas<\/em> t\u00e9cnicas<\/strong>, la <em>empresa<\/em> debe iniciar una <strong><em>ronda de consultas con los representantes de los trabajadores<\/em><\/strong>, que tendr\u00e1 una duraci\u00f3n entre 7 y 15 d\u00edas.<\/p>\n<p>En este <em><strong>plazo<\/strong><\/em> las partes han de <strong>negociar las condiciones de la suspensi\u00f3n <em>temporal<\/em><\/strong>, as\u00ed como de los puestos de trabajo que van a quedar afectados.<\/p>\n<p class=\"dropCap\">2. En el caso de ser un <strong>ERTE por fuerza mayor<\/strong>, la empresa podr\u00e1 directamente solicitar el <strong>cierre <em>temporal<\/em><\/strong> a la autoridad competente y esta deber\u00e1 pronunciarse en un <strong><em>plazo<\/em> de 5 d\u00edas<\/strong>.<\/p>\n<h3><strong>\u00bfQu\u00e9 OBLIGACIONES Tienen tanto <em>pymes<\/em> como dem\u00e1s<em> empresas<\/em>\u00a0en caso de\u00a0ERE <em>Temporal<\/em><em>?<\/em><\/strong><\/h3>\n<p>Es importante se\u00f1alar que:<\/p>\n<blockquote cite=\"https:\/\/www.comunidad.madrid\/gobierno\/actualidad\/informacion-util-empresas-trabajores-autonomos-estado-alarma-covid-19\"><p>No puedes unilateralmente decidir suspender la actividad laboral y dejar de abonar el salario a tus trabajadores.<\/p><\/blockquote>\n<p class=\"dropCap\">Una vez est\u00e9 <strong>aprobado el <em>ERTE<\/em><\/strong>, la empresa est\u00e1 obligada a:<\/p>\n<p class=\"dropCap\">\u25b7 Mantener a<strong> sus <em>trabajadores<\/em> dados de alta en la Seguridad Social<\/strong>.<\/p>\n<p class=\"dropCap\">\u25b7 Adem\u00e1s, seguir <strong><em>cotizando<\/em> a la Seguridad Social por sus trabajadores<\/strong>.<\/p>\n<p class=\"dropCap\">\u25b7 Ha de <strong>comunicar todos los meses<\/strong> al Servicio P\u00fablico de empleo Estatal, <strong>SEPE,<\/strong> qu\u00e9 <em>trabajadores<\/em> est\u00e1n inactivos y por cu\u00e1nto tiempo.<\/p>\n<p>IMPORTANTE<\/p>\n<p>Una vez <strong>acabado el periodo fijado para el <em>ERTE<\/em> la empresa deber\u00e1 reiniciar su actividad laboral con todos los <em>trabajadores<\/em> de la plantilla y en las mismas condiciones que ten\u00edan antes del <em>ERTE<\/em><\/strong>.<\/p>\n<h3><strong>ERTE por <em>Coronavirus<\/em>\u00a0en\u00a0la Comunidad de <em>Madrid<\/em><\/strong><\/h3>\n<p class=\"dropCap\">Informaci\u00f3n Oficial sobre <strong><em>plazos,<\/em> tr\u00e1mites y <em>requisitos<\/em><\/strong> para hacer un\u00a0<strong>ERTE por <em>coronavirus<\/em> para <em>empresas<\/em>\u00a0de la Comunidad de <em>Madrid<\/em><\/strong>.<\/p>\n<p><a title=\"Informaci\u00f3n \u00fatil para empresas, trabajores y aut\u00f3nomos ante el estado de alarma por el COVID-19\" href=\" https:\/\/www.comunidad.madrid\/gobierno\/actualidad\/informacion-util-empresas-trabajores-autonomos-estado-alarma-covid-19\" target=\"_blank\" rel=\"noopener noreferrer\"><strong>ERTE por Coronavirus<\/strong>; Informaci\u00f3n \u00fatil para <em>empresas,<\/em> trabajores y aut\u00f3nomos en la <strong>web de la Comunidad de <em>Madrid<\/em><\/strong> ante el estado de alarma por el <strong><em>COVID-19<\/em><\/strong>\u00a0\u2197<\/a><\/p>\n<h3><strong><em>ERTE<\/em> para Empresas<\/strong><\/h3>\n<p>Se pueden descargar en formato pdf los distintos documentos. <strong>Si tienes una <em>empresa<\/em><\/strong> te recomendamos especialmente este.<\/p>\n<p><a href=\"https:\/\/www.comunidad.madrid\/sites\/default\/files\/doc\/empleo\/informacionutil.pdf\" target=\"_blank\" rel=\"noopener noreferrer\">ERTE, <strong>Expedientes de Regulaci\u00f3n Temporal de Empleo<\/strong> derivados de las medidas de suspensi\u00f3n de actividades provocadas por el <strong>COVID-19<\/strong> (4.39 MB) \u2197<\/a><\/p>\n<p>Son solo dos p\u00e1ginas de informaci\u00f3n muy directa. Si no entiendes algo o te queda alguna duda, puedes preguntarme :<br \/>\n<a title=\"ENVIAR Whatsapp a Julio Gonz\u00e1lez, Abogado Laboralista en Madrid\" href=\"https:\/\/api.whatsapp.com\/send?phone=34600582282\" target=\"_blank\" rel=\"nofollow noopener noreferrer\"><img loading=\"lazy\" decoding=\"async\" class=\"imgIzquierda\" src=\"..\/images\/whatsapp-icon.png\" alt=\"Icono WhatsApp\" width=\"70\" height=\"70\" \/>Servicio de Atenci\u00f3n DIRECTA por Whatsapp con el <strong>Abogado Laboralista<\/strong>, JULIO Gonz\u00e1lez<br \/>\n600 582 282<\/a><\/p>\n<h3><strong>\u00bfC\u00f3mo afecta un <em>ERTE<\/em> a los <em>derechos<\/em>\u00a0de los <em>trabajadores?<\/em><\/strong><\/h3>\n<p class=\"dropCap\">Los <strong>trabajadores a los que se suspenda el contrato<\/strong>, SEGUIR\u00c1N vinculados a su empresa, no desapareciendo su relaci\u00f3n con la misma ya que se trata de una medida de <strong>suspensi\u00f3n <em>temporal<\/em><\/strong>.<\/p>\n<p>En estos caso al no haber prestaci\u00f3n de servicios <strong>tampoco hay derecho a percibir el <em>salario<\/em><\/strong>.<\/p>\n<p>Los que hayan visto <strong>reducidas sus jornadas de trabajo<\/strong>, SEGUIR\u00c1N ligados a la empresa, trabajando o prestando sus servicios en las jornadas que se hayan acordado.<\/p>\n<p>En ambos casos los trabajadores, mientras duren los efectos del <strong>ERE <em>Temporal<\/em><\/strong>, podr\u00e1n <em>solicitar<\/em> y percibir, si reunen todos los requisitos, la <strong>prestaci\u00f3n por desempleo, tanto si se han suspendido sus contratos de trabajo como si se han reducido sus jornada laborales<\/strong>. Esto es, <strong>podr\u00e1s cobrar el <em>paro<\/em><\/strong> MIENTRAS Dure el <strong><em>ERTE<\/em><\/strong>.<\/p>\n<p><a title=\"Me ha afectado un ERE o ERTE | Servicio P\u00fablico de Empleo Estatal\" href=\"http:\/\/www.sepe.es\/HomeSepe\/Personas\/distributiva-prestaciones\/quiero-cobrar-el-paro\/afectadoERE.html\" target=\"_blank\" rel=\"noopener noreferrer\">En esta web oficial del sepe puedes informarte de los <strong>requisito y tramites para poder cobrar el <em>paro<\/em> durante el ERTE<\/strong>\u00a0\u2197<\/a><\/p>\n<p>Tendr\u00e1n tambi\u00e9n el derecho a volver a sus puestos de trabajo <strong>en las mismas condiciones que ten\u00edan antes del <em>ERTE<\/em><\/strong>, cuando este llegue a su fin.<\/p>\n<p><strong>No hay derecho a cobrar <em>indemnizaci\u00f3n<\/em><\/strong> alguna, porque al acabar esta situaci\u00f3n excepcional los <em>trabajadores<\/em> volver\u00e1n de nuevo a la <em>empresa<\/em>.<\/p>\n<p>Asiste el <strong><em>derecho<\/em> a los trabajadores a que puedan <em>impugnar<\/em> el <em>ERTE<\/em><\/strong> ante los juzgados de lo social, si creen que <strong>no se han seguido los tr\u00e1mites legales<\/strong> o se ha cometido alguna <em>irregularidad<\/em>.<\/p>\n<h4>Cu\u00e9ntanos tu caso. Podemos ayudarte a ti y a tu empresa<\/h4>\n<p>A&amp;G, <strong>Ayala y Gonz\u00e1lez Abogados<\/strong>, somos un <strong>despacho especializado en derecho laboral en <em>Madrid<\/em><\/strong><em>,<\/em> con m\u00e1s de 25 a\u00f1os de experiencia.<\/p>\n<p>Si te encuentras en estas circunstancias y no sabes qu\u00e9 <strong>soluci\u00f3n adoptar para tu empresa o <em>pyme<\/em><\/strong>\u00a0en estos tiempos dif\u00edciles, no dudes en llamarnos.<\/p>\n<p class=\"dropCap\">\u2713 Te prestamos el asesoramiento que necesitas. La <strong>consulta es totalmente <em>gratuita<\/em><\/strong> y sin ning\u00fan compromiso.<\/p>\n<p class=\"dropCap\">\u2713 <strong>Tramitamos tu <em>ERTE<\/em><\/strong>.<\/p>\n<p class=\"tlfBig\">915 91 40 43<\/p>\n<p><a title=\"Consulta Abogado Laboral GRATIS | Consultar Gratis Despido\" href=\"..\/consulta-abogado-laboral-gratis-madrid.php\">\u2709 Si aun te quedan dudas, preg\u00fantame: soy Julio Gonz\u00e1lez, <strong>Abogado Laboralista<\/strong> con despacho en <em>Madrid<\/em>. <strong>CONSULTA gratuitamente<\/strong> tu caso conmigo \u27a8<\/a><\/p>\n","protected":false},"excerpt":{"rendered":"<p>ERTE, Expediente de Regulaci\u00f3n de Empleo Temporal,\u00a0debido al\u00a0coronavirus En este otro art\u00edculo recogemos las novedades en tramitaci\u00f3n para ERTE`s por coronavirus en la C. de Madrid \u2192 Se disparan la tramitaci\u00f3n de\u00a0ERTE`s por el coronavirus en la Comunidad de Madrid ERTE o ERE Temporal\u00a0por CORONAVIRUS \u00bfPor qu\u00e9 se est\u00e1 produciendo esta avalancha? Podr\u00eda ser la &hellip; <a href=\"http:\/\/www.indemnizaciondespido.com\/blog\/erte-coronavirus.php\" class=\"more-link\">Continuar leyendo<span class=\"screen-reader-text\"> \u00abERTE\u00a0por CORONAVIRUS \u00bfSoluci\u00f3n para empresas y pymes en la C. de Madrid?\u00bb<\/span><\/a><\/p>\n","protected":false},"author":1,"featured_media":599,"comment_status":"closed","ping_status":"open","sticky":false,"template":"","format":"standard","meta":{"footnotes":""},"categories":[64],"tags":[66,68,67,65],"_links":{"self":[{"href":"http:\/\/www.indemnizaciondespido.com\/blog\/wp-json\/wp\/v2\/posts\/582"}],"collection":[{"href":"http:\/\/www.indemnizaciondespido.com\/blog\/wp-json\/wp\/v2\/posts"}],"about":[{"href":"http:\/\/www.indemnizaciondespido.com\/blog\/wp-json\/wp\/v2\/types\/post"}],"author":[{"embeddable":true,"href":"http:\/\/www.indemnizaciondespido.com\/blog\/wp-json\/wp\/v2\/users\/1"}],"replies":[{"embeddable":true,"href":"http:\/\/www.indemnizaciondespido.com\/blog\/wp-json\/wp\/v2\/comments?post=582"}],"version-history":[{"count":20,"href":"http:\/\/www.indemnizaciondespido.com\/blog\/wp-json\/wp\/v2\/posts\/582\/revisions"}],"predecessor-version":[{"id":721,"href":"http:\/\/www.indemnizaciondespido.com\/blog\/wp-json\/wp\/v2\/posts\/582\/revisions\/721"}],"wp:featuredmedia":[{"embeddable":true,"href":"http:\/\/www.indemnizaciondespido.com\/blog\/wp-json\/wp\/v2\/media\/599"}],"wp:attachment":[{"href":"http:\/\/www.indemnizaciondespido.com\/blog\/wp-json\/wp\/v2\/media?parent=582"}],"wp:term":[{"taxonomy":"category","embeddable":true,"href":"http:\/\/www.indemnizaciondespido.com\/blog\/wp-json\/wp\/v2\/categories?post=582"},{"taxonomy":"post_tag","embeddable":true,"href":"http:\/\/www.indemnizaciondespido.com\/blog\/wp-json\/wp\/v2\/tags?post=582"}],"curies":[{"name":"wp","href":"https:\/\/api.w.org\/{rel}","templated":true}]}}