{"id":607,"date":"2020-03-19T12:51:07","date_gmt":"2020-03-19T11:51:07","guid":{"rendered":"http:\/\/www.indemnizaciondespido.com\/blog\/?p=607"},"modified":"2020-07-14T12:43:55","modified_gmt":"2020-07-14T10:43:55","slug":"erte-estado-alarma-medidas","status":"publish","type":"post","link":"http:\/\/www.indemnizaciondespido.com\/blog\/erte-estado-alarma-medidas.php","title":{"rendered":"ERTE: Nuevas Medidas en la C. de Madrid por el Estado de Alarma"},"content":{"rendered":"<h2>Abogado para\u00a0<em>Tramitaci\u00f3n<\/em> de <em>ERTE`s<\/em> por coronavirus en la C. de Madrid<\/h2>\n<h3><strong>Nuevas <em>medidas<\/em><\/strong> adoptadas para los <strong><em>expedientes de regulaci\u00f3n temporal de empleo, ERTE;<\/em>\u00a0durante el <em>Estado de Alarma<\/em><\/strong><\/h3>\n<p>IMPORTANTE:<\/p>\n<p class=\"dropCap\">Este art\u00edculo tiene una versi\u00f3n actualizada:<\/p>\n<p><a href=\".\/erte-fuerza-mayor-covid-prorrogado.php\" title=\"ERTE por Fuerza Mayor, Covid-19 \u2713 Conoce las Nuevas Medidas\"> ERTE por Covid-19 \u2713 Conoce las Nuevas Medidas Aprobadas  &rarr;<\/a><\/p>\n<h4 class=\"dropCap\">Novedades de Marzo 2020 sobre los ERTE<\/h4>\n<p class=\"dropCap\"><strong>Novedades para los <abbr title=\"Expediente de Regulaci\u00f3n de Empleo Temporal\">ERTE<\/abbr><\/strong>: el Presidente del Gobierno Pedro S\u00e1nchez anunci\u00f3 un paquete de <strong><em>medidas<\/em><\/strong> con el que se pretende hacer frente a la crisis econ\u00f3mica, social y sanitaria debida al <em>coronavirus<\/em> en la que, por desgracia, estamos sumergidos.<\/p>\n<p>Entre las <strong><em>medidas<\/em><\/strong> anunciadas, destaca, por ser una de las m\u00e1s esperadas, las modificaciones establecidas en la <strong><em>tramitaci\u00f3n<\/em> de los llamados <em>ERTE<\/em><\/strong>\u00b4s (<strong>Expedientes temporales de regulaci\u00f3n de empleo<\/strong>) para el <em><strong>Estado de Alarma<\/strong><\/em>.<br \/>\n<!--more Leer m\u00e1s sobre Nuevas Medidas para los ERTE por el Estado de Alarma--><\/p>\n<h4>LA NOTICIA sobre las <strong>Nuevas <em>medidas<\/em><\/strong><\/h4>\n<blockquote cite=\"https:\/\/www.lasprovincias.es\/economia\/boe-medidas-economicas-estado-alarma-20200318081239-nt.html\"><p>El Gobierno aprob\u00f3 este martes y publica en el <strong>BOE<\/strong> de este mi\u00e9rcoles 18 de marzo un decreto-ley con una vigencia inicial de un mes con el que prev\u00e9 movilizar 200.000 millones de euros (20 % del PIB) para mitigar la crisis econ\u00f3mica que se avecina, consecuencia del impacto que sobre la actividad est\u00e1 teniendo el confinamiento de la poblaci\u00f3n derivado del <strong>estado de alarma<\/strong>, decretado para frenar la epidemia de <strong><em>coronavirus<\/em><\/strong>.<\/p>\n<p>Informa EUROPA PRESS, Madrid, 19 marzo 2020<\/p><\/blockquote>\n<h3>Nuevas <em>Medidas<\/em> sobre el <strong><em>ERTE<\/em><\/strong> tanto\u00a0para <strong><em>Empresas<\/em> como Trabajadores<\/strong><\/h3>\n<p class=\"dropCap\">Estas modificaciones, vienen a <strong>agilizar los plazos y <em>tr\u00e1mites<\/em><\/strong> necesarios para solicitar el <strong><em>ERTE<\/em><\/strong>, a fin de que la <em>empresa<\/em> que lo requiera pueda aplicar uno a su plantilla lo antes posible.<\/p>\n<p>As\u00ed mismo, da amparo a los <em>trabajadores<\/em> que se vean sometidos a uno, y por ende vean sus <strong>contratos de trabajo suspendidos <em>temporalmente<\/em> o reducidas sus jornadas<\/strong>.<\/p>\n<h3>Resumen de las <strong><em>medidas<\/em><\/strong> adoptadas para los <strong><em>ERTE<\/em> por coronavirus<\/strong><\/h3>\n<p class=\"dropCap\">Os resumimos las <em>medidas<\/em> aprobadas en relaci\u00f3n a condiciones y\u00a0<strong>tr\u00e1mites de\u00a0<em><abbr title=\"Expediente de Regulaci\u00f3n de Empleo Temporal\">ERTE<\/abbr><\/em><\/strong>\u00b4s durante el actual <em><strong>Estado de Alarma<\/strong><\/em>:<\/p>\n<h4><strong><em>Tramitaci\u00f3n<\/em> de <em>ERTE<\/em>\u00b4s: <em>Medidas<\/em> para las EMPRESAS<\/strong><\/h4>\n<p class=\"dropCap\">\u25b7 TODOS los <strong><em><abbr title=\"Expediente de Regulaci\u00f3n de Empleo Temporal\">ERTE<\/abbr><\/em><\/strong>\u00b4s ser\u00e1n considerados de <strong><em>Fuerza Mayor<\/em><\/strong>, por lo que se simplifican los <em>tr\u00e1mites y plazos<\/em> para aprobarlos.<\/p>\n<p class=\"dropCap\">\u25b7 La <strong><em>empresa<\/em> no tendr\u00e1 que pagar <em>cotizaci\u00f3n<\/em> a la seguridad social durante el tiempo que dure el ERTE<\/strong>, lo cual supone dar un respiro a las <em>empresas<\/em> que <em>temporalmente<\/em> se ven abocadas a parar su actividad o a reducirla, y por lo tanto que no van a obtener beneficio alguno para hacer frente al pago de dichas cotizaciones.<\/p>\n<h4><strong><em>Medidas<\/em>\u00a0sobre los\u00a0<em>ERTE<\/em> para Proteger a los TRABAJADORES\u00a0<\/strong><\/h4>\n<p class=\"dropCap\">\u25b7 TODOS los trabajadores tendr\u00e1n <strong>derecho a cobrar la prestaci\u00f3n por desempleo o <em>paro<\/em><\/strong>, mientras est\u00e9n sus contratos suspendidos o su jornada reducida debido al <em><strong>Estado de Alarma<\/strong><\/em>.<\/p>\n<p>Antes se exig\u00eda para poder <strong>percibir la prestaci\u00f3n por desempleo<\/strong> que el <strong>trabajador hubiera cotizado durante al menos un a\u00f1o<\/strong>. Por ello esta medida beneficia claramente a los trabajadores en estos duros momentos, ya que todos podr\u00e1n percibir estos ingresos.<\/p>\n<p class=\"dropCap\">\u25b7 Adem\u00e1s, NO se considerar\u00e1 consumido el tiempo que dure el <strong>cobro de la <em>prestaci\u00f3n por desempleo<\/em><\/strong>.<\/p>\n<h4>Objetivo: Frenar la avalancha de <em>despidos<\/em><\/h4>\n<p class=\"dropCap\">Con estas <strong>nuevas <em>medidas<\/em><\/strong>, se persigue <strong>que las empresas no <em>despidan<\/em> a sus trabajadores<\/strong>. Frente a ello se prioriza la <strong>suspensi\u00f3n <em>temporal<\/em> de los contratos<\/strong> de todos o algunos de los trabajadores o la <strong>reducci\u00f3n de sus jornadas<\/strong>, <em>medida<\/em> que sin duda dar\u00e1 un respiro a la <em>empresas<\/em> en estos dur\u00edsimos momentos y <strong>protecci\u00f3n a los <em>trabajadores<\/em> afectados<\/strong>.<\/p>\n<h4><strong>BOE<\/strong>; Documento Oficial<\/h4>\n<p class=\"dropCap\">Este es el Real Decreto-ley publicado en el <strong>BOE<\/strong> donde aparecen las <strong>nuevas <em>medidas<\/em> debidas al Estado de Alarma por el COVID-19<\/strong>. En este documento est\u00e1n incluidas las <strong><em>novedades<\/em> para los ERTE<\/strong>.<\/p>\n<p><a title=\"BOE.es - BOE-A-2020-3824\" href=\"https:\/\/www.boe.es\/diario_boe\/txt.php?id=BOE-A-2020-3824\" target=\"_blank\" rel=\"noopener noreferrer\"><strong>Nuevas Medidas debidas al COVID-19; BOE<\/strong>, Real Decreto-ley 8\/2020, de 17 de marzo\u00a0\u2197<\/a><\/p>\n<p>S\u00ef tienes alguna duda, <em>cons\u00faltanos;<\/em> soy <strong><em>abogado<\/em> especialistas en tramitar <em>ERTE<\/em><\/strong>.<\/p>\n<h4>Podemos ayudarte a salvar tu <em>empresa<\/em><\/h4>\n<p><strong>Si tu <em>empresa<\/em> est\u00e1 en esta situaci\u00f3n<\/strong>, ponte en contacto con nosotros. A&amp;G, Ayala y Gonzalez <em>Abogados<\/em> somos un <strong>despacho laboral en <em>Madrid<\/em><\/strong>, con m\u00e1s de 20 a\u00f1os de experiencia.<\/p>\n<p class=\"dropCap\">\u2713 Te prestamos el asesoramiento que necesitas. La <strong>consulta es totalmente <em>gratuita<\/em><\/strong> y sin ning\u00fan compromiso.<\/p>\n<p class=\"dropCap\">\u2713 <strong>Tramitamos tu <em>ERTE<\/em><\/strong>.<\/p>\n<p>No dudes en llamarnos.<\/p>\n<p class=\"tlfBig\">915 91 40 43<\/p>\n","protected":false},"excerpt":{"rendered":"<p>Abogado para\u00a0Tramitaci\u00f3n de ERTE`s por coronavirus en la C. de Madrid Nuevas medidas adoptadas para los expedientes de regulaci\u00f3n temporal de empleo, ERTE;\u00a0durante el Estado de Alarma IMPORTANTE: Este art\u00edculo tiene una versi\u00f3n actualizada: ERTE por Covid-19 \u2713 Conoce las Nuevas Medidas Aprobadas &rarr; Novedades de Marzo 2020 sobre los ERTE Novedades para los ERTE: &hellip; <a href=\"http:\/\/www.indemnizaciondespido.com\/blog\/erte-estado-alarma-medidas.php\" class=\"more-link\">Continuar leyendo<span class=\"screen-reader-text\"> \u00abERTE: Nuevas Medidas en la C. de Madrid por el Estado de Alarma\u00bb<\/span><\/a><\/p>\n","protected":false},"author":1,"featured_media":0,"comment_status":"closed","ping_status":"open","sticky":false,"template":"","format":"standard","meta":{"footnotes":""},"categories":[64],"tags":[66,68,67,65],"_links":{"self":[{"href":"http:\/\/www.indemnizaciondespido.com\/blog\/wp-json\/wp\/v2\/posts\/607"}],"collection":[{"href":"http:\/\/www.indemnizaciondespido.com\/blog\/wp-json\/wp\/v2\/posts"}],"about":[{"href":"http:\/\/www.indemnizaciondespido.com\/blog\/wp-json\/wp\/v2\/types\/post"}],"author":[{"embeddable":true,"href":"http:\/\/www.indemnizaciondespido.com\/blog\/wp-json\/wp\/v2\/users\/1"}],"replies":[{"embeddable":true,"href":"http:\/\/www.indemnizaciondespido.com\/blog\/wp-json\/wp\/v2\/comments?post=607"}],"version-history":[{"count":12,"href":"http:\/\/www.indemnizaciondespido.com\/blog\/wp-json\/wp\/v2\/posts\/607\/revisions"}],"predecessor-version":[{"id":718,"href":"http:\/\/www.indemnizaciondespido.com\/blog\/wp-json\/wp\/v2\/posts\/607\/revisions\/718"}],"wp:attachment":[{"href":"http:\/\/www.indemnizaciondespido.com\/blog\/wp-json\/wp\/v2\/media?parent=607"}],"wp:term":[{"taxonomy":"category","embeddable":true,"href":"http:\/\/www.indemnizaciondespido.com\/blog\/wp-json\/wp\/v2\/categories?post=607"},{"taxonomy":"post_tag","embeddable":true,"href":"http:\/\/www.indemnizaciondespido.com\/blog\/wp-json\/wp\/v2\/tags?post=607"}],"curies":[{"name":"wp","href":"https:\/\/api.w.org\/{rel}","templated":true}]}}