{"id":698,"date":"2020-07-14T12:44:14","date_gmt":"2020-07-14T10:44:14","guid":{"rendered":"http:\/\/www.indemnizaciondespido.com\/blog\/?p=698"},"modified":"2020-07-14T12:58:08","modified_gmt":"2020-07-14T10:58:08","slug":"erte-fuerza-mayor-covid-prorrogado","status":"publish","type":"post","link":"http:\/\/www.indemnizaciondespido.com\/blog\/erte-fuerza-mayor-covid-prorrogado.php","title":{"rendered":"ERTE por Fuerza Mayor, Covid-19 \u2713 Conoce las Nuevas Medidas Aprobadas"},"content":{"rendered":"<h2>Nuevas medidas para los <strong><em><abbr title=\"Expediente Temporal de Regulaci\u00f3n de Empleo\">ERTE<\/abbr> por Fuerza Mayor<\/em> a causa del <em>Covid<\/em>-19<\/strong><\/h2>\n<p class=\"dropCap\">\u00daltima regulaci\u00f3n de los llamados <em><strong><abbr title=\"Expediente Temporal de Regulaci\u00f3n de Empleo\">ERTE<\/abbr><\/strong><\/em>\u00b4s (Expedientes <em>temporales<\/em> de regulaci\u00f3n de empleo) desde la publicaci\u00f3n en el <em><strong>BOE<\/strong><\/em> del <abbr title=\"Real Decreto-Ley\">RDL<\/abbr> 24\/2020 de 26 de junio, por el que <strong>se <em>prorrogan<\/em> los <em>ERTE<\/em> por Fuerza Mayor<\/strong> hasta el 30\/09\/2020.<\/p>\n<h3>La Transici\u00f3n de las Empresas y el Empleo hacia la \u201c<em>Nueva Normalidad<\/em>\u201d<\/h3>\n<p class=\"dropCap\">El pasado d\u00eda 27 de junio entr\u00f3 en vigor el <strong>Real Decreto-Ley<\/strong> 24\/2020 de medidas sociales de <strong>reactivaci\u00f3n del <em>empleo<\/em><\/strong> y protecci\u00f3n del trabajo aut\u00f3nomo y de competitividad del sector industrial.<\/p>\n<h3>Recuperaci\u00f3n econ\u00f3mica evitando una avalancha de <strong><em>despidos<\/em><\/strong><\/h3>\n<div class=\"ladillo boxShadow\"><q>\u00bfHacia una \u00abNueva Normalidad\u00bb <strong><em>sin despidos<\/em><\/strong>?<\/q><\/div>\n<p>El objetivo del Gobierno, con este <strong>nuevo Real Decreto-Ley<\/strong> es la recuperaci\u00f3n gradual de la actividad de las empresas, a la par que se produce la recuperaci\u00f3n de la actividad econ\u00f3mica en general.<\/p>\n<p><!--more Leer m\u00e1s--><\/p>\n<p class=\"dropCap\">El objetivo, ante todo es facilitar esta transici\u00f3n <strong>evitando en la medida de lo posible los <em>despidos<\/em><\/strong>.<\/p>\n<h2><strong>Prorrogados los <em><abbr title=\"Expediente Temporal de Regulaci\u00f3n de Empleo\">ERTE<\/abbr><\/em> por Fuerza Mayor a causa del <em>COVID<\/em>-19<\/strong><\/h2>\n<p class=\"dropCap\">Una de las medidas acordadas y m\u00e1s esperadas por las empresas ha sido la de decretar la <strong><em>pr\u00f3rroga<\/em> de todos los ERTES por Fuerza Mayor<\/strong> derivados de las crisis del <strong><em>coronavirus<\/em> hasta el 30 de septiembre<\/strong> de <em>2020<\/em>.<\/p>\n<div class=\"ladillo boxShadow\"><q><strong>Los ERTES se <em>prorrogan<\/em><\/strong><strong> hasta el 30 de septiembre<\/strong><\/q><\/div>\n<p>Est\u00e1 <em>prorroga<\/em> posibilita la transici\u00f3n de la actividad de las empresas hacia la <em>nueva normalidad<\/em>.<\/p>\n<h3>\u00bfCu\u00e1l es el OBJETIVO de esta <strong><em>pr\u00f3rroga<\/em> de los <em>ERTES<\/em><\/strong>?<\/h3>\n<p class=\"dropCap\">Que las empresas que se acogieron a un <strong><em>ERTE<\/em> por causas de Fuerza Mayor<\/strong> vayan <strong>reincorporando a sus trabajadores<\/strong> progresivamente, en la medida necesaria para el desarrollo de su actividad.<\/p>\n<p>Se ha de dar <strong>prioridad<\/strong> a los ajuste en t\u00e9rminos de <strong><em>reducci\u00f3n de jornada<\/em><\/strong>.<\/p>\n<h3>\u00bfQu\u00e9 se proh\u00edbe en los <strong><em>ERTE por COVID-19<\/em><\/strong>?<\/h3>\n<p class=\"dropCap\">En las empresas que est\u00e9n acogidas a un <strong><em>ERTE<\/em> por Fuerza Mayor<\/strong>, rigen una seria de PROHIBICIONES:<\/p>\n<p class=\"dropCap\">\u2716 NO se podr\u00e1n realizar <strong><em>horas extraordinarias<\/em><\/strong><\/p>\n<p class=\"dropCap\">\u2716 NO se pueden establecer<strong> nuevas externalizaciones de actividad<\/strong><\/p>\n<p class=\"dropCap\">\u2716 NO podr\u00e1n realizar<strong> nuevas contrataciones de personal<\/strong><\/p>\n<p>EXCEPCIONES:<\/p>\n<p>S\u00f3lo podr\u00e1n realizarse <strong>nuevas externalizaciones de actividad o hacerse nuevas contrataciones de trabajadores<\/strong>, cuando los trabajadores de la empresa no puedan desarrollar las funciones encomendadas, ya sea por <strong>falta de formaci\u00f3n, capacitaci\u00f3n u otras razones <em>objetivas<\/em> y justificadas<\/strong>.<\/p>\n<p>La empresa deber\u00e1 en todo caso informar a la representaci\u00f3n legal de los trabajadores.<\/p>\n<h3><strong>\u00bfEs posible tramitar Nuevos <em>ERTES<\/em> por Fuerza Mayor a partir del 27 de junio de 2020?<\/strong><\/h3>\n<p class=\"dropCap\">A partir de la entrada en vigor del Real Decreto Ley 24\/2020, ya <strong>NO <\/strong>SER\u00c1 POSIBLE TRAMITAR <strong>NUEVOS <em>ERTES<\/em> POR FUERZA MAYOR,<\/strong> al amparo del art\u00edculo 22 del Real Decreto-ley 8\/2020.<\/p>\n<p>No obstante si se produjeran nuevas medidas de contenci\u00f3n o restricciones como consecuencia de un eventual <strong>agravamiento de la pandemia provocada por la <em>COVID<\/em>-19<\/strong>, se podr\u00edan tramitar <strong><em>ERTES de Fuerza Mayor<\/em> Ordinarios<\/strong> regulados en el art\u00edculo 47.3 del <em>Estatuto de los Trabajadores<\/em>.<\/p>\n<h2><strong><em>ERTES<\/em> por Causas <em>Objetivas:\u00a0<\/em><\/strong>Econ\u00f3micas, T\u00e9cnicas, Organizativas y de\u00a0Producci\u00f3n<\/h2>\n<h3><strong>\u00bfQu\u00e9 sucede con los <em>ERTES<\/em> por Causas <em>Objetivas<\/em><\/strong><strong>\u00a0derivadas del <em>coronavirus<\/em>?<\/strong><\/h3>\n<p class=\"dropCap\">Los llamados <strong>ERTES <em><abbr title=\"Econ\u00f3micas, T\u00e9cnicas, Organizativas y de Producci\u00f3n \"> ETOP <\/abbr><\/em><\/strong>, aprobados entre el d\u00eda 27 de junio y el 30 de septiembre de 2020, seguir\u00e1n rigi\u00e9ndose por las <em>medidas<\/em> excepcionales dispuestas en el:<\/p>\n<p>Art\u00edculo 23 del Real Decreto-ley 8\/2020, de 17 de marzo.\u00a0Publicado en <strong>BOE<\/strong>.es &#8211; A-2020-3824<\/p>\n<p><a title=\"BOE.es - BOE-A-2020-3824\" href=\"https:\/\/www.boe.es\/diario_boe\/txt.php?id=BOE-A-2020-3824\" target=\"_blank\" rel=\"noopener noreferrer\"><strong>Nuevas Medidas para los <em>ERTE COVID<\/em><\/strong>-19 Real Decreto-ley 8\/2020, de 17 de marzo en el BOE \u2197<\/a><\/p>\n<p>Teniendo en cuenta las siguientes especificaciones:<\/p>\n<p class=\"dropCap\">\u274f Es posible <strong>negociarlos mientras est\u00e9 vigente el <em>ERTE<\/em> por Fuerza Mayor<\/strong>.<\/p>\n<p class=\"dropCap\">\u274f Una vez <strong>acabado el <em>ERTE<\/em> por Fuerza Mayor<\/strong>, la fecha de efectos del <strong><em>ETOP<\/em><\/strong> se retrotraer\u00e1 a la fecha de finalizaci\u00f3n de aquel.<\/p>\n<p class=\"dropCap\">\u274f Se aplicar\u00e1n las <strong>mismas prohibiciones y excepciones que a los <em>ERTES<\/em> por Fuerza Mayor<\/strong>, relativas a la realizaci\u00f3n de <strong>horas extraordinarias, externalizaciones y contrataci\u00f3n de nuevo personal<\/strong>, mencionadas anteriormente.<\/p>\n<p class=\"dropCap\">\u274f Las empresas deben realizar la <strong>solicitud colectiva de <em>prestaci\u00f3n por desempleo<\/em> de sus trabajadores<\/strong> para que puedan cobrar el <strong><em>paro<\/em>.<\/strong><\/p>\n<p class=\"dropCap\">\u274f Los <strong>ETOP realizados antes de la\u00a0 entrada en vigor del <em>Real Decreto-Ley<\/em><\/strong> 24\/2020, contin\u00faan seg\u00fan las condiciones pactadas en su momento.<\/p>\n<h3><strong>\u00bfQu\u00e9 medidas se han acordado en materia de <em>protecci\u00f3n por desempleo<\/em>?<\/strong><\/h3>\n<p class=\"dropCap\">Las medidas de <strong>protecci\u00f3n por <em>desempleo<\/em><\/strong> acordadas con anterioridad al Real Decreto-Ley 24\/2020 <strong>seguir\u00e1n siendo aplicables hasta el 30 de septiembre<\/strong> de 2020, a EXCEPCI\u00d3N de los <strong>trabajadores <em>fijos-discontinuos<\/em><\/strong> en los que seguir\u00e1n siendo <strong>aplicables hasta el 31 de diciembre de 2020<\/strong>.<\/p>\n<div class=\"ladillo boxShadow\"><q>Para cobrar el <strong><em>paro<\/em><\/strong> no es necesario tener tiempo cotizado<br \/>\n<\/q><\/div>\n<p>Entre estas medidas estaban las de <strong>no ser necesario que el trabajador tuviera un m\u00ednimo de tiempo cotizado para tener derecho a percibir el <em>paro<\/em><\/strong>, as\u00ed como que no se consume el desempleo.<\/p>\n<p>Estas medidas son <strong>aplicables tanto a los trabajadores afectados por un <em>ERTE por Covid<\/em>, como a uno por <em>causas objetivas<\/em><\/strong> que se hubieran realizado al amparo del Real Decreto Ley 8\/2020, como en el caso de empresas que a partir del 1 de julio de 2020, no puedan desarrollar su actividad, y a las que se les hubiera autorizados a acogerse a un <strong><em>ERTE<\/em> por Fuerza Mayor<\/strong>.<\/p>\n<h3><strong>\u00bfQu\u00e9 sucede con el compromiso de las empresas del mantenimiento del <em>empleo<\/em> durante seis meses?<\/strong><\/h3>\n<p class=\"dropCap\">Este compromiso SE MANTIENE.<\/p>\n<p>&nbsp;<\/p>\n<h2><strong><em>Contratos Temporales<\/em><\/strong><\/h2>\n<h3><strong>\u00bfQu\u00e9 ocurre con la <em>duraci\u00f3n<\/em> m\u00e1xima de los <em>contratos temporales<\/em>?<\/strong><\/h3>\n<p class=\"dropCap\">Los <strong><em>contratos temporales<\/em><\/strong> siguen interrumpidos hasta el 30 de Septiembre<\/p>\n<p>Se <strong>prorrogar\u00e1 hasta el 30 de septiembre<\/strong> de 2020\u00a0 la <strong>interrupci\u00f3n del c\u00f3mputo de la duraci\u00f3n de los <em>contratos temporales<\/em><\/strong>, formativos, de relevo e interinidad <strong>afectados por un <em>ERTE<\/em><\/strong> de Fuerza Mayor o por causas objetivas derivados del <strong><em>Covid<\/em><\/strong>-19.<\/p>\n<h2><strong><em>Despidos Objetivos<\/em> por causa de la crisis del <em>coronavirus<\/em><\/strong><\/h2>\n<p class=\"dropCap\"><strong>No se admitir\u00e1n <em>despidos objetivos<\/em> por causa de la pandemia del covid-19<\/strong><\/p>\n<p>Tambi\u00e9n seguir\u00e1 vigente, hasta el 30 de septiembre de 2020 la <strong>imposibilidad de despedir<\/strong> o extinguir contratos de trabajo fundament\u00e1ndolos en causas de fuerza mayor u <em>objetivas<\/em> <strong>derivadas de la crisis del <em>coronavirus<\/em><\/strong>.<br \/>\n<!--\n\n\n<h2><strong>\u00bfQu\u00e9 medidas se han acordado en materia de cotizaci\u00f3n a la seguridad social de los ERTE?<\/strong><\/h2>\n\n\n\n\n<p class=\"dropCap\">Os mostramos un cuadro resumen elaborado por el Ministerio de Inclusi\u00f3n, Seguridad Social y Migraciones, con las condiciones de cotizaci\u00f3n aplicables hasta el 30 de septiembre de 2020.<\/p>\n\n\n--><\/p>\n<h4><strong>Ayala y Gonz\u00c1lez <em>abogados<\/em><\/strong><\/h4>\n<p class=\"dropCap\">\u2713 Somos un <strong>despacho con m\u00e1s de 25 a\u00f1os de experiencia<\/strong> en el \u00e1rea <em>laboral<\/em>.<\/p>\n<p><!--\n\n\n<div class=\"ladillo boxShadow\"><q>\u2713 Si no ganamos, no nos tienes que pagar nada<\/q><\/div>\n\n\nNuestros <strong><em>honorarios<\/em><\/strong> consisten en un porcentaje de lo que consigamos obtener para ti, y <strong>cobramos solo cuando t\u00fa percibas tu dinero<\/strong>.\n--><\/p>\n<p class=\"dropCap\">\u2713 Nuestra primera <strong>consulta es totalmente gratuita<\/strong>, para que puedas informarte sin compromiso y conocer tus <strong>posibilidades reales de \u00e9xito<\/strong>.<\/p>\n<p><a title=\"Consulta Abogado Laboral GRATIS | Consultar Gratis Despido\" href=\"..\/consulta-abogado-laboral-gratis-madrid.php\">\u2709 Si aun te quedan dudas, preg\u00fantame: soy Julio Gonz\u00e1lez, <strong>Abogado Laboralista<\/strong> con despacho en <em>Madrid<\/em>. <strong>CONSULTA gratuitamente<\/strong> tu caso conmigo \u27a8<\/a><\/p>\n<h4>No te quedes con dudas, llama<\/h4>\n<p class=\"tlfBig\">915 91 40 43<\/p>\n","protected":false},"excerpt":{"rendered":"<p>Nuevas medidas para los ERTE por Fuerza Mayor a causa del Covid-19 \u00daltima regulaci\u00f3n de los llamados ERTE\u00b4s (Expedientes temporales de regulaci\u00f3n de empleo) desde la publicaci\u00f3n en el BOE del RDL 24\/2020 de 26 de junio, por el que se prorrogan los ERTE por Fuerza Mayor hasta el 30\/09\/2020. La Transici\u00f3n de las Empresas &hellip; <a href=\"http:\/\/www.indemnizaciondespido.com\/blog\/erte-fuerza-mayor-covid-prorrogado.php\" class=\"more-link\">Continuar leyendo<span class=\"screen-reader-text\"> \u00abERTE por Fuerza Mayor, Covid-19 \u2713 Conoce las Nuevas Medidas Aprobadas\u00bb<\/span><\/a><\/p>\n","protected":false},"author":1,"featured_media":0,"comment_status":"closed","ping_status":"open","sticky":false,"template":"","format":"standard","meta":{"footnotes":""},"categories":[64],"tags":[71,66,68,65],"_links":{"self":[{"href":"http:\/\/www.indemnizaciondespido.com\/blog\/wp-json\/wp\/v2\/posts\/698"}],"collection":[{"href":"http:\/\/www.indemnizaciondespido.com\/blog\/wp-json\/wp\/v2\/posts"}],"about":[{"href":"http:\/\/www.indemnizaciondespido.com\/blog\/wp-json\/wp\/v2\/types\/post"}],"author":[{"embeddable":true,"href":"http:\/\/www.indemnizaciondespido.com\/blog\/wp-json\/wp\/v2\/users\/1"}],"replies":[{"embeddable":true,"href":"http:\/\/www.indemnizaciondespido.com\/blog\/wp-json\/wp\/v2\/comments?post=698"}],"version-history":[{"count":20,"href":"http:\/\/www.indemnizaciondespido.com\/blog\/wp-json\/wp\/v2\/posts\/698\/revisions"}],"predecessor-version":[{"id":723,"href":"http:\/\/www.indemnizaciondespido.com\/blog\/wp-json\/wp\/v2\/posts\/698\/revisions\/723"}],"wp:attachment":[{"href":"http:\/\/www.indemnizaciondespido.com\/blog\/wp-json\/wp\/v2\/media?parent=698"}],"wp:term":[{"taxonomy":"category","embeddable":true,"href":"http:\/\/www.indemnizaciondespido.com\/blog\/wp-json\/wp\/v2\/categories?post=698"},{"taxonomy":"post_tag","embeddable":true,"href":"http:\/\/www.indemnizaciondespido.com\/blog\/wp-json\/wp\/v2\/tags?post=698"}],"curies":[{"name":"wp","href":"https:\/\/api.w.org\/{rel}","templated":true}]}}