{"id":726,"date":"2020-07-28T18:52:53","date_gmt":"2020-07-28T16:52:53","guid":{"rendered":"http:\/\/www.indemnizaciondespido.com\/blog\/?p=726"},"modified":"2020-07-28T18:52:53","modified_gmt":"2020-07-28T16:52:53","slug":"despido-despues-erte-fuerza-mayor","status":"publish","type":"post","link":"http:\/\/www.indemnizaciondespido.com\/blog\/despido-despues-erte-fuerza-mayor.php","title":{"rendered":"Despido Despu\u00e9s de ERTE por Fuerza Mayor \u00bfEs Legal?"},"content":{"rendered":"<h2><strong>\u00bfTe han <em>Despedido<\/em> Despu\u00e9s del <em>ERTE<\/em> por <em>Covid?<\/em> RECLAMA <em>Despido Improcedente<\/em><\/strong><\/h2>\n<h3><strong>\u00bfSe puede despedir a un trabajador despu\u00e9s del <em>ERTE<\/em> por <em>Covid<\/em>?<\/strong><\/h3>\n<p class=\"dropCap\">En las \u00faltimas semanas, nos estamos encontrando con numerosos casos de <strong><em>despidos<\/em><\/strong> de trabajadores que se producen <strong>nada m\u00e1s acabar su <em><abbr title=\"Expediente de Regulaci\u00f3n de Empleo Temporal\">ERTE<\/abbr><\/em> por Fuerza Mayor derivado de la crisis del <em>Covid<\/em><\/strong>.<\/p>\n<p>Las empresas realizan estos <em>despidos<\/em> <strong>sin haber transcurrido el <em>plazo<\/em> de seis meses<\/strong> a que est\u00e1n obligados.<\/p>\n<h3><strong>\u00bfEs legal que la empresa haga estos <em>despidos<\/em>?<\/strong><\/h3>\n<p class=\"dropCap\">Lo primero: una empresa que se acogi\u00f3 a un <strong>ERTE por Fuerza Mayor<\/strong> derivado del <em>Covid<\/em>-19 tiene la obligaci\u00f3n de mantener el empleo<strong> durante el <em>plazo<\/em> de seis meses.<\/strong><\/p>\n<p>Partiendo simplemente de esta base, <strong>el <em>despido<\/em> NO ser\u00eda legal<\/strong> si se produce antes de esos seis meses.<\/p>\n<h3>Entonces, \u00bf<strong>no pueden <em>despedirme<\/em> por ninguna <em>causa<\/em> <\/strong>hasta que pasen 6 meses del <em>ERTE<\/em>?<\/h3>\n<p><!--more Leer m\u00e1s sobre Despido Despu\u00e9s de ERTE por Fuerza Mayor--><\/p>\n<p class=\"dropCap\">Ahora bien, <strong>esto no quiere decir que tu empresa no te pueda <em>despedir<\/em><\/strong> por ning\u00fan motivo y tenga obligatoriamente que mantenerte en tu puesto de trabajo, pase lo que pase, durante los seis meses posteriores a que haya acabado tu <em>ERTE<\/em>.<\/p>\n<h3>\u00bfTe han <strong><em>despedido<\/em> nada m\u00e1s acabar el <em>ERTE<\/em> por Fuerza Mayor del <em>coronavirus<\/em><\/strong>? RECLAMA, tu <strong><em>despido<\/em> ser\u00e1 <em>improcedente<\/em><\/strong><\/h3>\n<h2><strong>\u00bfEn qu\u00e9 casos puede hacer<em> despidos<\/em> la empresa?<\/strong><\/h2>\n<ol>\n<li><strong> Despido<em> Disciplinario<\/em><\/strong><\/li>\n<li><strong> Despido<em> Objetivo o Econ\u00f3mico<\/em><\/strong><\/li>\n<li><strong> Fin de Contrato Temporal <\/strong><\/li>\n<li><strong> Empresas en riesgo de concurso de acreedores<\/strong><strong><br \/>\n<\/strong><\/li>\n<\/ol>\n<h3>1.<strong> Despido<em> Disciplinario: <\/em><\/strong><strong>La empresa puede <em>despedirte<\/em> por motivos <em>disciplinarios<\/em><\/strong><\/h3>\n<p class=\"dropCap\">Es decir, en aquellos casos en los que el trabajador haya cometido <strong>faltas muy graves<\/strong>, que lleven aparejada la <strong>sanci\u00f3n de <em>despido<\/em> y pueda acreditarlas<\/strong>.<\/p>\n<p>En estos casos <strong>s\u00ed ser\u00eda posible <em>despedir<\/em> al trabajador<\/strong>, aunque no hayan transcurrido seis meses desde que se reincorpor\u00f3 a su trabajo despu\u00e9s del <em>ERTE<\/em>.<\/p>\n<div class=\"ladillo boxShadow\"><q>Muchos <strong>despidos <em>disciplinarios<\/em> son <em>improcedentes<\/em><\/strong><\/q><\/div>\n<p>En numerosas ocasiones las empresas se escudan en <strong>falsos <em>despidos disciplinarios<\/em><\/strong> que no est\u00e1n fundamentados, para tratar de eludir esta obligaci\u00f3n de mantener al trabajador en su empleo durante seis meses m\u00e1s.<\/p>\n<p class=\"dropCap\">\u2716 Estos <strong>despidos <em>disciplinarios<\/em><\/strong> en muchas ocasiones no responden a la realidad, ya que el trabajador no ha cometido falta alguna, o esta <strong>no tiene la gravedad suficiente como para ser <em>causa<\/em> de un <em>despido disciplinario<\/em><\/strong>.<\/p>\n<p class=\"dropCap\">\u2716 A veces sucede tambi\u00e9n que la <strong><em>carta de despido<\/em> no re\u00fane los requisitos<\/strong> formales que la ley exige, o que la falta cometida por el trabajador est\u00e1 prescrita.<\/p>\n<p>Por eso, en estas ocasiones, nuestro consejo es que <strong>siempre consult\u00e9is con un <em>abogado<\/em><\/strong> especializado en derecho laboral, pues en un alt\u00edsimo porcentaje de los casos el resultado es que <strong>vuestro despido es en realidad un <em>despido improcedente<\/em><\/strong>, teniendo derecho a percibir una <strong>indemnizaci\u00f3n por despido de 45-33 d\u00edas<\/strong> por a\u00f1o, dependiendo se cu\u00e1l sea la fecha de antig\u00fcedad en la empresa.<\/p>\n<h3>2.<strong> Despido<em> Objetivo o Econ\u00f3mico<\/em>: La empresa podr\u00eda <em>despedirte<\/em> tambi\u00e9n por <em>causas objetivas<\/em> independientes del <em>Covid<\/em>\u2013 19<\/strong><\/h3>\n<p class=\"dropCap\">Es decir si en una empresa concurren <strong><em>causas econ\u00f3micas, t\u00e9cnicas<\/em><\/strong>, organizativos o de producci\u00f3n que <strong>nada tengan que ver con la crisis del <em>coronavirus<\/em><\/strong>, podr\u00eda <em>despedirte<\/em> si logra acreditar estas causas.<\/p>\n<h3>\u00bfQu\u00e9 <strong><em>indemnizaci\u00f3n<\/em><\/strong> me dar\u00edan en caso de <strong>despido <em>objetivo<\/em><\/strong>?<\/h3>\n<p class=\"dropCap\">En estos casos la <strong><em>indemnizaci\u00f3n<\/em><\/strong> que corresponder\u00eda al trabajador ser\u00eda de 20 d\u00edas por a\u00f1o.<\/p>\n<div class=\"ladillo boxShadow\"><q>La empresa est\u00e1 obligada a demostrar que existen esas <strong><em>causas objetivas<\/em><\/strong><\/q><\/div>\n<p>Si la empresa no pudiera acreditar estas causas y un juez as\u00ed lo declarare, tendr\u00edas <strong>derecho a una <em>indemnizaci\u00f3n<\/em> por despido <em>improcedente<\/em><\/strong> consistente en una cuant\u00eda de 45 -33 d\u00edas por a\u00f1o, dependiendo de cu\u00e1l fuera tu fecha de antig\u00fcedad en la empresa.<\/p>\n<p>Por ello, <strong>si tu empresa te despide por causas <em>objetivas<\/em>, acude siempre a un <em>abogado laboralista<\/em><\/strong>, a fin de que estudie tu caso concreto, porque es muy probable que se pueda <strong><em>reclamar<\/em> la improcedencia de tu <em>despido<\/em><\/strong> ante el juzgado de lo social.<\/p>\n<h3>3. Fin<strong> de Contrato Temporal. Si el plazo de tu contrato se acaba, la empresas puede darlo por finalizado<\/strong><\/h3>\n<p class=\"dropCap\">En el caso de los <strong>contratos temporales que se vieron suspendidos por estar incluidos en un ERTE por Fuerza Mayor derivados del COVID<\/strong>, sucede que la fecha de fn de contrato se paraliz\u00f3.<\/p>\n<p>Es decir que si cuando fuiste incluido en el ERTE todav\u00eda te quedaba un mes para <em>finalizar<\/em> tu contrato <em>temporal<\/em>, el c\u00f3mputo de ese tiempo se detuvo.<\/p>\n<p>De tal manera que una vez que has sido reincorporado a tu actividad despu\u00e9s del ERTE, ese plazo de un mes que te quedaba se pondr\u00e1 en marcha otra vez.<\/p>\n<div class=\"ladillo boxShadow\"><q><strong>La empresa tambi\u00e9n puede dar por finalizado tu contrato de trabajo, si tienes un contrato <em>temporal<\/em><\/strong><\/q><\/div>\n<p>Por lo tanto una vez <strong>concluido ese plazo, tu <em>contrato temporal<\/em> llegar\u00e1 a su fin y la empresa podr\u00e1 darlo por <em>finalizado<\/em><\/strong>, sin que tenga la obligaci\u00f3n de tenerte contratado durante seis meses m\u00e1s.<\/p>\n<h4><strong>Contratos por Obra o Servicio<\/strong><\/h4>\n<p>Lo mismo suceder\u00e1 para los <strong><em>contratos de obra o servicio<\/em><\/strong> determinado. Si <strong>despu\u00e9s de reincorporarte del ERTE, se acabara la obra o el servicio<\/strong> para el que fuiste contratado, la empresa podr\u00e1 dar por <em>finalizado<\/em> tu contrato, pues ya no existir\u00eda el motivo por el que te contrat\u00f3.<\/p>\n<h4><strong>Contratos <em>Temporales<\/em> <\/strong><strong>en Fraude de Ley<\/strong><\/h4>\n<p>Ahora bien, aunque vuestro contrato sea <em>temporal<\/em> y haya llegado a su fin, bien por el transcurso del tiempo por el que estaba pactado o bien porque la <em>obra o servicio<\/em> para la que fuisteis contratados se acabe: en caso de que la empresa os comunique el fin de vuestra relaci\u00f3n laboral, <strong>acudir siempre a un abogado<\/strong> especializado de derecho <em>laboral<\/em>.<\/p>\n<div class=\"ladillo boxShadow\"><q><strong>Muchos contratos temporales<\/strong> son ilegales: RECLAMA<\/q><\/div>\n<p>Sucede que <strong>la mayor\u00eda de los contratos temporales est\u00e1n realizados en fraude de ley<\/strong>, es decir no responden a necesidades extraordinarias de la empresa, ni la obra o servicio para la que fuisteis contratados tiene autonom\u00eda y sustantividad propia dentro de la actividad de la empresa.<\/p>\n<p class=\"dropCap\">\u2716 Otras veces sucede que en el contrato no est\u00e1 expresado, de forma clara y concisa, el motivo que justifica el contrato temporal.<\/p>\n<p class=\"dropCap\">\u2716 Otro caso muy frecuente es que el trabajador ha sido <strong><em>contratado<\/em> para realizar una <em>obra o servicio<\/em> determinado, pero en realidad realice su trabajo para varios <em>servicios u obras<\/em> a la vez<\/strong>.<\/p>\n<p class=\"dropCap\">\u2716 Otras veces, sucede que <strong>el <em>contrato temporal<\/em> ha sobrepasado los l\u00edmites <em>temporales<\/em> establecidos en el convenio colectivo<\/strong> que sea de aplicaci\u00f3n. O se han ido <strong>encadenando sucesivamente contratos temporales<\/strong> con el fin de evitar haceros uno indefinido.<\/p>\n<p>En todos estos casos, vuestro contrato ser\u00eda considerado en realidad <strong>como un contrato <em>indefinido<\/em><\/strong>, y por lo tanto <strong>NO podr\u00eda darse por finalizado por el motivo de fin de contrato<\/strong>.<\/p>\n<p>En consecuencia el <strong>despido ser\u00eda <em>improcedente<\/em> y os corresponder\u00eda la <em>indemnizaci\u00f3n<\/em> de 45-33 d\u00edas por a\u00f1o<\/strong>, dependiendo de cu\u00e1l sea vuestra fecha de antig\u00fcedad en la empresa.<\/p>\n<p>Por lo tanto, si os encontr\u00e1is en esta situaci\u00f3n, y la empresa da por <strong>finalizado vuestro contrato <em>temporal<\/em>, acudir a un abogado <em>laboralista<\/em><\/strong> porque con mucha probabilidad, se podr\u00eda defender la <strong><em>improcedencia<\/em> de vuestro <em>despido<\/em><\/strong>.<\/p>\n<h3>4. Empresas<strong> en riesgo de concurso de acreedores<\/strong><\/h3>\n<p class=\"dropCap\">Tampoco ser\u00e1 obligatorio mantener el empleo durante seis meses en las <strong>empresas en la que concurra un riesgo de concurso de acreedores<\/strong>.<\/p>\n<p>Es decir que si la empresa est\u00e1 en <strong>riesgo de quiebra<\/strong>, tambi\u00e9n podr\u00e1 extinguir tu contrato de trabajo <strong>sin necesidad de esperar a que pasen seis meses<\/strong> desde que te incorporaste a tu puesto de trabajo <strong>despu\u00e9s del <em>ERTE<\/em><\/strong><em>.<\/em><\/p>\n<h2><strong>\u00bfQu\u00e9 tengo que hacer si me <em>despiden<\/em> despu\u00e9s de mi <em>ERTE?<\/em><\/strong><\/h2>\n<p>Nuestra recomendaci\u00f3n es que <strong>si tu empresa te ha <em>despedido<\/em>, sea cual sea la causa de tu <em>despido<\/em>, te pongas en contacto con un <em>abogado laboralista<\/em><\/strong>.<\/p>\n<p>Debes tener en cuenta estas RECOMENDACIONES:<\/p>\n<p class=\"dropCap\">A.Firma todo lo que te den a\u00f1adiendo a tu firma: \u201cNO CONFORME\u201d.<\/p>\n<p class=\"dropCap\">B.Pon en todos los documentos la FECHA en la que te est\u00e1n<strong> notificando el <em>despido<\/em><\/strong>.<\/p>\n<p class=\"dropCap\">C. Quedate con una COPIA de la<strong> documentaci\u00f3n de tu despido (<em>carta de despido<\/em>, finiquito<\/strong>\u2026).<\/p>\n<p>Esta documentaci\u00f3n es sumamente importante para articular una buena defensa de tu caso.<\/p>\n<p class=\"dropCap\">D. Acude a un <strong>abogado experto en derecho laboral<\/strong>.<\/p>\n<p>Hazlo r\u00e1pido pues tan <strong>solo tienes 20 d\u00edas h\u00e1biles de <em>plazo<\/em> para <em>reclamar<\/em><\/strong>.<\/p>\n<p>Tu <em>abogado<\/em> estudiar\u00e1 tu caso y te dir\u00e1 <strong>si se puede defender la <em>improcedencia<\/em> o nulidad de tu <em>despido<\/em><\/strong>.<\/p>\n<h4>Ayala y Gonz\u00e1lez <strong><em>abogados<\/em><\/strong><\/h4>\n<p class=\"dropCap\">\u2713 Somos un despacho con <strong>m\u00e1s de 25 a\u00f1os de experiencia defendiendo a los trabajadores<\/strong>.<\/p>\n<p class=\"dropCap\">\u2713 Luchamos para <strong>conseguirte la m\u00e1xima indemnizaci\u00f3n<\/strong> posible.<\/p>\n<p class=\"dropCap\">\u2713 Puedes <strong>consultarnos <em>gratuitamente<\/em><\/strong> y sin ning\u00fan compromiso.<\/p>\n<p>Si no ganamos, no nos tienes que pagar nada.<\/p>\n<p class=\"dropCap\">\u2713 Nuestros honorarios consisten en un porcentaje de lo que consigamos obtener para ti, y cobramos solo cuando t\u00fa cobres tu dinero.<\/p>\n<p class=\"dropCap\">\u2713 As\u00ed de f\u00e1cil te lo ponemos. No lo dudes y <strong><em>cons\u00faltanos<\/em><\/strong>, tienes mucho que ganar.<\/p>\n<p><a title=\" Consulta Abogado Laboral GRATIS | Consultar Gratis Despido\" href=\"..\/consulta-abogado-laboral-gratis-madrid.php\">\u2709 Si aun te quedan dudas, preg\u00fantame: soy Julio Gonzalez, <strong><em>Abogado<\/em> Laboralista<\/strong> con despacho en <em>Madrid<\/em>. <strong>CONSULTA <em>Gratuitamente<\/em><\/strong> tu caso conmigo \u27a8<\/a><\/p>\n<p class=\"tlfBig\">915 91 40 43<\/p>\n","protected":false},"excerpt":{"rendered":"<p>\u00bfTe han Despedido Despu\u00e9s del ERTE por Covid? RECLAMA Despido Improcedente \u00bfSe puede despedir a un trabajador despu\u00e9s del ERTE por Covid? En las \u00faltimas semanas, nos estamos encontrando con numerosos casos de despidos de trabajadores que se producen nada m\u00e1s acabar su ERTE por Fuerza Mayor derivado de la crisis del Covid. Las empresas &hellip; <a href=\"http:\/\/www.indemnizaciondespido.com\/blog\/despido-despues-erte-fuerza-mayor.php\" class=\"more-link\">Continuar leyendo<span class=\"screen-reader-text\"> \u00abDespido Despu\u00e9s de ERTE por Fuerza Mayor \u00bfEs Legal?\u00bb<\/span><\/a><\/p>\n","protected":false},"author":1,"featured_media":0,"comment_status":"closed","ping_status":"open","sticky":false,"template":"","format":"standard","meta":{"footnotes":""},"categories":[4],"tags":[70,72,66,68,73,74,65],"_links":{"self":[{"href":"http:\/\/www.indemnizaciondespido.com\/blog\/wp-json\/wp\/v2\/posts\/726"}],"collection":[{"href":"http:\/\/www.indemnizaciondespido.com\/blog\/wp-json\/wp\/v2\/posts"}],"about":[{"href":"http:\/\/www.indemnizaciondespido.com\/blog\/wp-json\/wp\/v2\/types\/post"}],"author":[{"embeddable":true,"href":"http:\/\/www.indemnizaciondespido.com\/blog\/wp-json\/wp\/v2\/users\/1"}],"replies":[{"embeddable":true,"href":"http:\/\/www.indemnizaciondespido.com\/blog\/wp-json\/wp\/v2\/comments?post=726"}],"version-history":[{"count":12,"href":"http:\/\/www.indemnizaciondespido.com\/blog\/wp-json\/wp\/v2\/posts\/726\/revisions"}],"predecessor-version":[{"id":738,"href":"http:\/\/www.indemnizaciondespido.com\/blog\/wp-json\/wp\/v2\/posts\/726\/revisions\/738"}],"wp:attachment":[{"href":"http:\/\/www.indemnizaciondespido.com\/blog\/wp-json\/wp\/v2\/media?parent=726"}],"wp:term":[{"taxonomy":"category","embeddable":true,"href":"http:\/\/www.indemnizaciondespido.com\/blog\/wp-json\/wp\/v2\/categories?post=726"},{"taxonomy":"post_tag","embeddable":true,"href":"http:\/\/www.indemnizaciondespido.com\/blog\/wp-json\/wp\/v2\/tags?post=726"}],"curies":[{"name":"wp","href":"https:\/\/api.w.org\/{rel}","templated":true}]}}