{"id":740,"date":"2020-09-25T13:53:21","date_gmt":"2020-09-25T11:53:21","guid":{"rendered":"http:\/\/www.indemnizaciondespido.com\/blog\/?p=740"},"modified":"2020-10-02T14:58:37","modified_gmt":"2020-10-02T12:58:37","slug":"cobrar-en-negro","status":"publish","type":"post","link":"http:\/\/www.indemnizaciondespido.com\/blog\/cobrar-en-negro.php","title":{"rendered":"Si Cobras \u00abEn NEGRO\u00bb, puedes dejar tu trabajo con Derecho a Indemnizaci\u00f3n"},"content":{"rendered":"<h2><strong>Solicitar la <em>extinci\u00f3n<\/em> del contrato de trabajo con derecho a <em>indemnizaci\u00f3n y paro<\/em><\/strong> <strong>por <em>cobrar en negro o en B<\/em><\/strong><\/h2>\n<h3>\u00bfMerece la pena <strong>cobrar \u00aben negro\u00bb<\/strong>?<\/h3>\n<p class=\"dropCap\">Son muchos los trabajadores que perciben por su trabajo un <strong><em>salario<\/em> que solo en parte se refleja en su n\u00f3mina<\/strong> mientras que otra parte se percibe en mano (<strong>cobrar\u00a0<em>en negro<\/em><\/strong>) y por cuya cantidad <strong>la empresa no cotiza a la seguridad social<\/strong>. Es el conocido como <strong>salario <em>en B<\/em><\/strong>.<\/p>\n<h3><strong><em>Cobrar<\/em><\/strong> parte de tu <strong><em>salario en negro<\/em><\/strong> te perjudica<\/h3>\n<p><!--more Leer m\u00e1s sobre Cobrar en Negro o en B --><\/p>\n<div class=\"ladillo boxShadow\"><q>Si <em>cobras<\/em> parte <strong><em>en B o fuera de n\u00f3mina<\/em><\/strong>, tendr\u00e1s menos derechos<\/q><\/div>\n<p>El motivo de esta pr\u00e1ctica es que por sus <strong>la empresa no quiere asumir el coste de <em>seguridad social<\/em> que legalmente tiene que pagar por sus trabajadores<\/strong>, de tal manera que impone a los mismos <em>cobrar<\/em> una parte en n\u00f3mina, y otra fuera de ella, de tal manera que el coste de seguridad social se rebaja para la empresa, pero con ello tambi\u00e9n <strong>se rebajan los derechos del trabajador<\/strong>.<\/p>\n<h4>Los peligros de cobrar \u00aben negro\u00bb<\/h4>\n<p>Por EJEMPLO, saldr\u00e1s perjudicado en lo siguientes casos:<\/p>\n<p class=\"dropCap\">\u2716 Cuando la empresa te <strong>DESPIDE<\/strong><\/p>\n<p><strong>Si la empresa te <em>despide<\/em>, va a calcular tu <em>indemnizaci\u00f3n<\/em> solo conforme al <em>salario<\/em> que cobras en <em>n\u00f3mina<\/em><\/strong>, olvid\u00e1ndose de la parte que cobras en B, por lo que te pagar\u00e1 mucha menos indemnizaci\u00f3n de la que te corresponder\u00eda de haberse cotizado por todo lo que realmente cobras.<\/p>\n<p class=\"dropCap\">\u2716 Cuando est\u00e9s de <strong>baja por ENFERMEDAD<\/strong><\/p>\n<p>Si, un d\u00eda enfermas y el <strong>m\u00e9dico te da la baja, las prestaciones que recibas<\/strong> durante esa baja se calcularan solamente por el importe por el que la empresa haya cotizado, es decir <strong>solo por el salario\u00a0 que viene reconocido en tu n\u00f3mina<\/strong>.<\/p>\n<p>Por ello mientras est\u00e9s enfermo, ya sea por una enfermedad o accidente com\u00fan o laboral estar\u00e1s <strong>cobrando mucho menos<\/strong> de los que te corresponder\u00eda <strong>si la <em>prestaci\u00f3n<\/em> se hubiese calculado conforme a tu <em>salario<\/em> \u00edntegro (nomina + B<\/strong>).<\/p>\n<p class=\"dropCap\">\u2716 En caso de <strong>MATERNIDAD, Paternidad etc.<\/strong><\/p>\n<p>Lo mismo pasa con el resto de <em>prestaciones<\/em> a las que pudieras tener derecho en un futuro, como <strong>maternidad, paternidad, riesgo en el embarazo, pensi\u00f3n por jubilaci\u00f3n<\/strong> y un largo etc\u00e9tera.<\/p>\n<p>\u2716\u00a0Adem\u00e1s est\u00e1s corriendo importantes\u00a0<strong>riesgos con Hacienda<\/strong><\/p>\n<blockquote cite=\"https:\/\/www.europapress.es\/economia\/noticia-merece-pena-cobrar-negro-20150728111309.html\"><p>Si se descubre esta situaci\u00f3n, habr\u00e1 que hacer frente a las deudas con Hacienda, a la multa y al recargo&#8230;\u00a0se pueden <strong>declarar los ingresos de manera legal aunque el pagador lo haga <em>en negro<\/em><\/strong> y tambi\u00e9n se pueden declarar aunque se est\u00e9 cobrando el paro.<\/p><\/blockquote>\n<h2><strong>\u00bfQu\u00e9 puedo hacer si en mi trabajo me imponen cobrar parte de mi salario <em>en B o en negro<\/em>?<\/strong><\/h2>\n<h3>Resoluci\u00f3n <strong><em>indemnizada<\/em><\/strong> de tu contrato laboral, si <strong>cobras parte de tu <em>salario fuera de nomina<\/em><\/strong><\/h3>\n<p class=\"dropCap\">Estas situaciones suelen ser lentejas, es decir, que el trabajador se ve obligado o a aceptar esta <strong>imposici\u00f3n de cobrar parte en negro<\/strong>, o la empresa le invita amablemente a irse.<\/p>\n<p>Deb\u00e9is de saber que esta actuaci\u00f3n constituye un<strong> grave incumplimiento por parte del empresario de las obligaciones que la ley le impone<\/strong>, pero tambi\u00e9n deb\u00e9is saber que <strong>contra esta imposici\u00f3n, el trabajador puede tomar acciones.<\/strong><\/p>\n<div class=\"ladillo boxShadow\"><q>Puedes <strong>poner una demanda por estar <em>cobrando en B<\/em><\/strong><\/q><\/div>\n<p><strong>Si el trabajador puede demostrar que cobra parte de su <em>salario en B o en negro<\/em><\/strong>, podr\u00e1 solicitar una <strong>mayor <em>indemnizaci\u00f3n<\/em> si es <em>despedido<\/em><\/strong>, interponiendo ante el juzgado de lo social la oportuna <em>demanda<\/em>.<\/p>\n<p>Lo mismo ocurre si percibe una <em>prestaci\u00f3n<\/em> a cargo de la seguridad social, o entidades colaboradoras, que se ha visto mermada por la falta de cotizaci\u00f3n de la empresa de parte del <em>salario<\/em> del trabajador.<\/p>\n<h4><strong>Legislaci\u00f3n y Cobrar en Negro o en B<\/strong><\/h4>\n<div class=\"ladillo boxShadow\"><q>Tienes derecho a irte de tu trabajo <strong>con <em>indemnizaci\u00f3n<\/em><\/strong> por el <strong>art. 50 del ET<\/strong><\/q><\/div>\n<p>Adem\u00e1s tienes que saber que <strong>el pago reiterado por parte de la empresa, de parte de tu <em>salario en B<\/em><\/strong>, es motivo suficiente para que el trabajador pueda<strong> solicitar al juzgado de lo social la resoluci\u00f3n <em>indemnizada<\/em> de su contrato de trabajo<\/strong>, en base al art\u00edculo 50 del <em>Estatuto de los Trabajadores\u00a0<\/em>(<abbr title=\"Estatuto de los Trabajadores\">ET<\/abbr>).<\/p>\n<h2><strong><em>Sentencias<\/em><\/strong> de Tribunales sobre el fraude del\u00a0<strong>cobro <em>en B<\/em><\/strong><\/h2>\n<h3><strong><em>Sentencias<\/em><\/strong> de los juzgados de lo social y Tribunales Superiores de Justicia sobre casos de <strong>cobro <em>en Negro<\/em><\/strong><\/h3>\n<p class=\"dropCap\">As\u00ed lo han venido reconociendo a lo largo del tiempo numerosas <em>sentencias<\/em> dictadas por los <strong>juzgados de lo social y Tribunales Superiores de Justicia<\/strong>, aunque hab\u00eda tambi\u00e9n <em>sentencias<\/em> en contra.<\/p>\n<h3><strong><em>Sentencia<\/em><\/strong><strong> del Tribunal Supremo<\/strong><\/h3>\n<p class=\"dropCap\">La novedad es que ahora el <strong>Tribunal Supremo<\/strong> ha zanjado definitivamente el asunto en su <strong>Sentencia de unificaci\u00f3n de doctrina<\/strong> n\u00famero 480\/2020 de 18-6-2020.<\/p>\n<h3><strong>\u00bfCu\u00e1l es el caso de cobro <em>en B<\/em> que se debate y resuelve en esta <em>sentencia<\/em>?<\/strong><\/h3>\n<h4>Resumen del Caso<\/h4>\n<p class=\"dropCap\">Tres peones agr\u00edcolas que trabajaban para una empresa percib\u00edan por su trabajo una cantidad de dinero en n\u00f3mina y otra en un sobre, o sea \u00ab<em>en negro<\/em>\u00ab.<\/p>\n<p>Ten\u00edan un <strong>contrato fijo de car\u00e1cter discontinuo<\/strong>, por lo que al acabar cada periodo de trabajo la empresa proced\u00eda emitir unos <strong>finiquitos que no pagaba a los trabajadores<\/strong>.<\/p>\n<div class=\"ladillo boxShadow\"><q>Dejaron sus trabajos con la <strong>indemnizaci\u00f3n de un <em>despido<\/em> improcedente<\/strong><\/q><\/div>\n<p>Hartos de esta situaci\u00f3n, los trabajadores deciden <strong><em>demandar<\/em> a su empresa<\/strong>, solicitando que se extinga su relaci\u00f3n laboral con la misma, pero con derecho a percibir una <strong>indemnizaci\u00f3n igual a la de un <em>despido<\/em> improcedente<\/strong>.<\/p>\n<p>El juzgado de lo social les da la raz\u00f3n, pero la empresa recurre la sentencia ante el Tribunal Superior de Justicia y \u00e9ste da la raz\u00f3n a la empresa.<\/p>\n<p>Los trabajadores <strong>recurren ante el Tribunal Supremo<\/strong> para que se pronuncie y zanje definitivamente la controversia.<\/p>\n<h3><strong>\u00bfQu\u00e9 dice el <em>Tribunal Supremo<\/em> al respecto sobre el cobro de parte del salario en B?<\/strong><\/h3>\n<p>Los 6 Puntos claves de esta<strong> <em>sentencia<\/em><\/strong><\/p>\n<p class=\"dropCap\">1. Que una de las obligaciones principales que tiene el empresario es la de <strong>pagar al trabajador su <em>salario<\/em> y la de cotizar por la totalidad del mismo.<\/strong><\/p>\n<p>Es decir que <strong>todo lo que cobra un trabajador tiene que venir reflejado en su n\u00f3mina<\/strong>.<\/p>\n<p>Constituyendo su <em>cotizaci\u00f3n<\/em> la totalidad de esa remuneraci\u00f3n, seg\u00fan Real Decreto-ley 16\/2013, de 20 de diciembre:<\/p>\n<blockquote cite=\"https:\/\/www.boe.es\/buscar\/act.php?id=BOE-A-2013-13426\">\n<p class=\"sangrado_articulo\">\u00abArt\u00edculo 109. Base de cotizaci\u00f3n.<\/p>\n<p class=\"sangrado\">1. La base de cotizaci\u00f3n para todas las contingencias y situaciones amparadas por la acci\u00f3n protectora del R\u00e9gimen General, incluidas las de accidente de trabajo y enfermedad profesional, estar\u00e1 constituida por la remuneraci\u00f3n total, cualquiera que sea su forma o denominaci\u00f3n, tanto en met\u00e1lico como en especie, que con car\u00e1cter mensual tenga derecho a percibir el trabajador&#8230;<\/p>\n<\/blockquote>\n<p>Con esta actuaci\u00f3n de cobro en negro <strong>el empresario incumple con su deber de cotizaci\u00f3n<\/strong> a la Seguridad Social.<\/p>\n<p class=\"dropCap\">2. Si la empresa oculta parte de la remuneraci\u00f3n de un trabajador realiza una conducta administrativamente sancionable, pero adem\u00e1s <strong>perjudica seriamente al trabajador pues la mayor\u00eda de las <em>prestaciones<\/em> econ\u00f3micas se calculan en funci\u00f3n de lo que previamente haya <em>cotizado<\/em> la empresa.<\/strong><\/p>\n<p class=\"dropCap\">3. Adem\u00e1s ocultar parte de la cotizaci\u00f3n<strong> dificulta la finalidad que persigue la Ley con la imposici\u00f3n al empresario de recoger en un documento el salario percibido por el trabajador. <\/strong><\/p>\n<p>No consignar en el recibo de salarios la cantidad que realmente percibe un trabajador, supone una infracci\u00f3n recogida en la LISOS.<\/p>\n<p class=\"dropCap\">4. El abono continuado de<strong> cantidades peri\u00f3dicas fuera de la n\u00f3mina en B, es un incumplimiento grave de los deberes del empresario. <\/strong><\/p>\n<p>La gravedad de la actuaci\u00f3n empresarial se da por tanto, cuando se trata del pago de cantidades peri\u00f3dicas, como es el caso del <strong><em>cobro<\/em> de la n\u00f3mina<\/strong>, y adem\u00e1s cuando esta actuaci\u00f3n se da <strong>de forma reiterada y en un periodo dilatado<\/strong>.<\/p>\n<p class=\"dropCap\">5. Siendo ello as\u00ed<strong> el trabajador <\/strong>en esta situaci\u00f3n<strong> puede solicitar la extinci\u00f3n de su contrato de trabajo ante la jurisdicci\u00f3n social con derecho a percibir la <em>indemnizaci\u00f3n<\/em> prevista para el <em>despido improcedente<\/em><\/strong>.<\/p>\n<p class=\"dropCap\">6. El hecho de que <strong>el trabajador no reclame ante este incumplimiento empresarial no supone que no pueda solicitar la extinci\u00f3n de su relaci\u00f3n laboral<\/strong>, ya que aun as\u00ed la causa resolutoria de su contrato, es decir,<strong> el incumplimiento grave empresarial, sigue existiendo.<\/strong><\/p>\n<h4>Noticia Relacionada<\/h4>\n<p>As\u00ed apareci\u00f3 la <em><strong>sentencia<\/strong><\/em> en los medios:<\/p>\n<p>El <strong><abbr title=\"Tribunal Supremo\">TS<\/abbr><\/strong> dicta que <strong>cobrar <em>en negro<\/em><\/strong> justifica que el empleado extinga su contrato con <strong>derecho a <em>indemnizaci\u00f3n<\/em><\/strong>.<\/p>\n<p>Concede adem\u00e1s en favor de los tres demandantes <strong><em>indemnizaciones<\/em> de entre 35.800 y 37.700 euros<\/strong>.<\/p>\n<p><a title=\"El TS dicta que cobrar en negro justifica que el empleado extinga el contrato\" href=\"https:\/\/www.lainformacion.com\/espana\/supremo-dicta-cobrar-negro-indemnizacion-contrato\/2810479\/\" target=\"_blank\" rel=\"noopener noreferrer\">Leer la noticia completa sobre esta importante <strong><em>sentencia<\/em> del Tribunal Supremo y el <em>cobro en negro<\/em><\/strong> de parte del salario \u2197<\/a><\/p>\n<h2><strong>\u00bfC\u00f3mo solicitar la <em>extinci\u00f3n<\/em> del contrato de trabajo con derecho a <em>indemnizaci\u00f3n y paro<\/em> por estar<em> cobrando en negro<\/em>?<\/strong><\/h2>\n<p class=\"dropCap\">Nuestro consejo es que <strong>si est\u00e1 cobrando parte de tu salario <em>en B o en negro<\/em><\/strong>, acudas siempre a un <strong>abogado especializado en derecho <em>laboral<\/em><\/strong>.<\/p>\n<p>\u00c9l estudiar\u00e1 tu caso concreto y te indicar\u00e1 las acciones legales que puedes entablar.<\/p>\n<p><a title=\"EXTINCI\u00d3N de Contrato por el Trabajador; Indemnizaci\u00f3n\" href=\".\/extincion-contrato-trabajo.php#comohacerlo\">En este art\u00edculo te explicamos como ser\u00eda todo el proceso para que puedas \u00a0<strong>reclamar un indemnizaci\u00f3n por estar<em> cobrando en B o en Negro<\/em><\/strong> \u2192<\/a><\/p>\n<h4>A&amp;G, Ayala y Gonz\u00e1lez <em>Abogados<\/em><\/h4>\n<p class=\"dropCap\">\u265c Defensa en <em>Despidos<\/em>: los <strong>Abogados <em>Laboralistas<\/em> en Madrid<\/strong> de Ayala y Gonz\u00e1lez <em>Abogados<\/em>.<\/p>\n<p>Somos un despacho con:<\/p>\n<p class=\"dropCap\">\u2713 M\u00e1s de <strong>25 a\u00f1os de experiencia defendiendo a los trabajadores<\/strong>.<\/p>\n<p class=\"dropCap\">\u2713 Puedes <strong>consultarnos <em>gratuitamente<\/em><\/strong> y sin ning\u00fan compromiso.<\/p>\n<p class=\"dropCap\">\u2713 Nuestros <em>honorarios<\/em> consisten en un porcentaje de lo que consigamos obtener para ti, y cobramos solo cuando t\u00fa percibas tu dinero. <strong>Si no ganamos, no nos tienes que pagar nada<\/strong>.<\/p>\n<h4>No te quedes con dudas, llama<\/h4>\n<p>Ll\u00e1mame y hazme tu consulta. No tienes nada que perder y <strong>s\u00ed, mucho que ganar<\/strong>.<\/p>\n<p class=\"tlfBig\">915 91 40 43<\/p>\n<p><a title=\"Consulta Abogado Laboral GRATIS | Consultar Gratis Despido\" href=\"..\/consulta-abogado-laboral-gratis-madrid.php\">\u2709 Si tienes dudas, preg\u00fantame: soy Julio Gonz\u00e1lez, <strong>Abogado Laboralista<\/strong> con despacho en <em>Madrid<\/em>. <strong>CONSULTA gratuitamente<\/strong> tu caso conmigo \u27a8<\/a><\/p>\n","protected":false},"excerpt":{"rendered":"<p>Solicitar la extinci\u00f3n del contrato de trabajo con derecho a indemnizaci\u00f3n y paro por cobrar en negro o en B \u00bfMerece la pena cobrar \u00aben negro\u00bb? Son muchos los trabajadores que perciben por su trabajo un salario que solo en parte se refleja en su n\u00f3mina mientras que otra parte se percibe en mano (cobrar\u00a0en &hellip; <a href=\"http:\/\/www.indemnizaciondespido.com\/blog\/cobrar-en-negro.php\" class=\"more-link\">Continuar leyendo<span class=\"screen-reader-text\"> \u00abSi Cobras \u00abEn NEGRO\u00bb, puedes dejar tu trabajo con Derecho a Indemnizaci\u00f3n\u00bb<\/span><\/a><\/p>\n","protected":false},"author":1,"featured_media":762,"comment_status":"closed","ping_status":"open","sticky":false,"template":"","format":"standard","meta":{"footnotes":""},"categories":[10],"tags":[63,57,60,75,76],"_links":{"self":[{"href":"http:\/\/www.indemnizaciondespido.com\/blog\/wp-json\/wp\/v2\/posts\/740"}],"collection":[{"href":"http:\/\/www.indemnizaciondespido.com\/blog\/wp-json\/wp\/v2\/posts"}],"about":[{"href":"http:\/\/www.indemnizaciondespido.com\/blog\/wp-json\/wp\/v2\/types\/post"}],"author":[{"embeddable":true,"href":"http:\/\/www.indemnizaciondespido.com\/blog\/wp-json\/wp\/v2\/users\/1"}],"replies":[{"embeddable":true,"href":"http:\/\/www.indemnizaciondespido.com\/blog\/wp-json\/wp\/v2\/comments?post=740"}],"version-history":[{"count":17,"href":"http:\/\/www.indemnizaciondespido.com\/blog\/wp-json\/wp\/v2\/posts\/740\/revisions"}],"predecessor-version":[{"id":761,"href":"http:\/\/www.indemnizaciondespido.com\/blog\/wp-json\/wp\/v2\/posts\/740\/revisions\/761"}],"wp:featuredmedia":[{"embeddable":true,"href":"http:\/\/www.indemnizaciondespido.com\/blog\/wp-json\/wp\/v2\/media\/762"}],"wp:attachment":[{"href":"http:\/\/www.indemnizaciondespido.com\/blog\/wp-json\/wp\/v2\/media?parent=740"}],"wp:term":[{"taxonomy":"category","embeddable":true,"href":"http:\/\/www.indemnizaciondespido.com\/blog\/wp-json\/wp\/v2\/categories?post=740"},{"taxonomy":"post_tag","embeddable":true,"href":"http:\/\/www.indemnizaciondespido.com\/blog\/wp-json\/wp\/v2\/tags?post=740"}],"curies":[{"name":"wp","href":"https:\/\/api.w.org\/{rel}","templated":true}]}}