{"id":817,"date":"2021-01-29T18:10:27","date_gmt":"2021-01-29T17:10:27","guid":{"rendered":"http:\/\/www.indemnizaciondespido.com\/blog\/?p=817"},"modified":"2021-02-09T17:53:35","modified_gmt":"2021-02-09T16:53:35","slug":"cierre-empresa-por-jubilacion-empresario","status":"publish","type":"post","link":"http:\/\/www.indemnizaciondespido.com\/blog\/cierre-empresa-por-jubilacion-empresario.php","title":{"rendered":"Cierre de Empresa por Jubilaci\u00f3n y Derecho a Indemnizaci\u00f3n"},"content":{"rendered":"<h2><strong>La <em>empresa<\/em> para la que trabajo ha <em>cerrado por jubilaci\u00f3n<\/em> del empresario: \u00bfTengo derecho a cobrar <em>indemnizaci\u00f3n<\/em>?<\/strong><\/h2>\n<p>En este texto, vamos a intentar explicaros qu\u00e9 pasa con los trabajadores cuando <strong>el empresario se <em>jubila<\/em> y la empresa echa el <em>cierre<\/em><\/strong>.<\/p>\n<p>\u00bfQu\u00e9 pasa con vuestros contratos de trabajo? \u00bfTen\u00e9is <strong>derecho a <em>indemnizaci\u00f3n<\/em><\/strong>? \u00bfDe qu\u00e9 <strong>cuant\u00eda es esta <em>indemnizaci\u00f3n<\/em><\/strong>?<br \/>\n<!--more Leer m\u00e1s sobre Cierre de Empresa por Jubilaci\u00f3n --><\/p>\n<h3><strong>El empresario que <em>cierra,<\/em> \u00bfes un <em>aut\u00f3nomo<\/em> o una <em>empresa?<\/em><\/strong><\/h3>\n<p class=\"dropCap\">Lo primero que hay que hacer es<strong> diferenciar si el empresario es una persona f\u00edsica (<em>aut\u00f3nomo<\/em> con trabajadores) o tiene una <em>empresa<\/em><\/strong>.<\/p>\n<p>El <strong>procedimiento para extinguir los contratos es distinto<\/strong> y tambi\u00e9n es distinta la <strong>cuant\u00eda de la <em>indemnizaci\u00f3n<\/em><\/strong>.<\/p>\n<h3><strong>La empresa, <em>\u00bfcierra<\/em> o contin\u00faa con su actividad?<\/strong><\/h3>\n<p class=\"dropCap\">Tambi\u00e9n es importante ver si <strong>la <em>jubilaci\u00f3n<\/em> del empresario supone que la empresa <em>cierre<\/em><\/strong> o si la actividad de la empresa <strong>va a continuar despu\u00e9s de la <em>jubilaci\u00f3n<\/em><\/strong>.<\/p>\n<p>La extinci\u00f3n de los contratos de trabajo SOLAMENTE se va a producir<strong> cuando el empresario se <em>jubile<\/em> y el negocie <em>cierre<\/em> totalmente<\/strong>.<\/p>\n<p class=\"dropCap\">\u2713 En estos casos, los trabajadores<strong> S\u00cd tienen derecho a percibir una <em>indemnizaci\u00f3n<\/em><\/strong>.<\/p>\n<div class=\"ladillo boxShadow\"><q>Si la empresa contin\u00faa y te echan, ser\u00eda <strong>despido improcedente<\/strong><\/q><\/div>\n<p>Por otro lado, <strong>si el empresario se <em>jubila<\/em> pero la actividad empresarial contin\u00faa<\/strong>, no se producir\u00e1 la extinci\u00f3n de los contratos de trabajo. De tal manera que si, en este caso, <strong>el empresario extinguiera los contratos de los trabajadores, el despido ser\u00eda declarado como despido <em>improcedente<\/em> o en su caso <em>nulo<\/em><\/strong>.<\/p>\n<p>Habr\u00eda que distinguir cuando:<\/p>\n<p><strong>I. El empresario <em>se jubila y cierra<\/em> su empresa<\/strong><\/p>\n<p><strong>II. La empresa sigue su actividad, aunque se <em>jubile<\/em> el empresario<\/strong><\/p>\n<p>Vamos a ver primeramente qu\u00e9 sucede en los<strong> casos en los que la <em>jubilaci\u00f3n<\/em> del empresario supone el <em>cierre<\/em> de la empresa.<\/strong><\/p>\n<h3><strong>I. El empresario <em>se jubila y cierra<\/em> su empresa<\/strong><\/h3>\n<p class=\"dropCap\">A su vez, debemos distinguir entre los casos en los que sea una persona f\u00edsica y, por otro lado, cuando se trate de una empresa:<\/p>\n<p>A. CUANDO EL EMPRESARIO ES UNA PERSONA F\u00cdSICA:<\/p>\n<p class=\"dropCap\">En el caso de que el empresario sea una persona f\u00edsica, es decir que <strong>la persona que os contrata no es una empresa, sino un <em>aut\u00f3nomo<\/em>,\u00a0 y este se <em>jubile<\/em> y <em>cierre<\/em> la empresa<\/strong>, vuestro contrato de trabajo se ver\u00e1 extinguido y tendr\u00e9is derecho a percibir una <strong><em>indemnizaci\u00f3n<\/em> equivalente a un mes de salario.<\/strong><\/p>\n<p>Es necesario que el empresario os comunique dicha situaci\u00f3n de manera anticipada a que se produzca la extinci\u00f3n de vuestro contrato de trabajo<\/p>\n<p>B.- CUANDO SE TRATE DE UNA EMPRESA:<\/p>\n<h3><strong>\u00bfQu\u00e9 <em>indemnizaci\u00f3n<\/em> le corresponde a un trabajador cuando la causa del <em>despido<\/em> es la <em>jubilaci\u00f3n<\/em> del empresario?<\/strong><\/h3>\n<p class=\"dropCap\">En los casos de que <strong>la <em>jubilaci\u00f3n<\/em> del empresario suponga el cese y <em>disoluci\u00f3n<\/em> de la empresa<\/strong>, los <em>contratos<\/em> de los trabajadores se extinguir\u00e1n, con<strong> derecho a percibir una <em>indemnizaci\u00f3n<\/em> de 20 d\u00edas de <em>salario<\/em> por a\u00f1o trabajado<\/strong>, con un m\u00e1ximo de 12 mensualidades.<\/p>\n<h3>C\u00f3mo debe producirse en estos casos la <strong>extinci\u00f3n de vuestros <em>contratos de trabajo<\/em><\/strong><\/h3>\n<p>El <strong>procedimiento a seguir para <em>extinguir los contratos<\/em> de trabajo<\/strong>, en este segundo caso, variar\u00e1 dependiendo de que se trate de empresas de 5 trabajadores o menos, de aquellas que tengan m\u00e1s de 5 trabajadores.<\/p>\n<h4>B1.- Empresa de 5 o menos trabajadores:<\/h4>\n<p>El procedimiento a seguir en este caso, es que <strong>la empresa deber\u00e1 <em>preavisar<\/em><\/strong> al menos con 15 d\u00edas de antelaci\u00f3n a los trabajadores de las causas de extinci\u00f3n de sus contratos, mediante la entrega de una <strong><em>carta<\/em> expresando la causa del <em>cese<\/em> de actividad de la empresa<\/strong>.<\/p>\n<p>La empresa, en el momento de entregarte la <strong>carta de <em>preaviso,<\/em> deber\u00e1 pagarte la <em>indemnizaci\u00f3n<\/em><\/strong> de 20 d\u00edas de salario por a\u00f1o de servicio con un m\u00e1ximo de 12 mensualidades.<\/p>\n<h4>B2.- Empresas de m\u00e1s de 5 trabajadores:<\/h4>\n<p class=\"dropCap\">El procedimiento a seguir en estos casos, es el <strong>previsto para el <em>despido colectivo<\/em><\/strong>.<\/p>\n<p>En estos casos hay que informar a la autoridad laboral competente de que se va a producir dicho <em>despido colectivo<\/em> y de las causas que lo motivan.<\/p>\n<p>Deber\u00e1, en estos casos darse un periodo de consultas con los trabajadores y despu\u00e9s <strong>se comunicaran los <em>despidos<\/em>, entregando\u00a0 a los trabajadores una <em>indemnizaci\u00f3n<\/em><\/strong> de 20 d\u00edas de salario por a\u00f1o de servicio con un m\u00e1ximo de 12 mensualidades.<\/p>\n<h3>II. \u00bfQu\u00e9<strong> sucede en los casos en los que la <em>jubilaci\u00f3n<\/em> del empresario NO suponga el <em>cese<\/em> de actividad de la empresa?<\/strong><\/h3>\n<p class=\"dropCap\">Como hemos dicho <strong>la <em>extinci\u00f3n<\/em> de los contratos<\/strong> de trabajo de los empleados <strong>solo se va a producir cuando la empresa <em>cierre<\/em> totalmente<\/strong>.<\/p>\n<p>En los casos de que la actividad de la empresa <strong>contin\u00fae tras la <em>jubilaci\u00f3n<\/em><\/strong> del empresario, los contratos de trabajo no se deber\u00e1n extinguir.<\/p>\n<p>Esto ocurre cuando, por ejemplo, <strong>el empresario se jubile pero contin\u00faa siendo titular de la empresa<\/strong> y esta sigue con actividad, o cuando <strong>se produce el traspaso del negocio<\/strong> a los herederos o a otra persona.<\/p>\n<div class=\"ladillo boxShadow\"><q>En estos casos <strong>NO se pueden extinguir los <em>contratos<\/em> de los trabajadores<\/strong>.<\/q><\/div>\n<p>Si la empresa extinguiera vuestros contratos de trabajo, deber\u00edais <strong>interponer una <em>demanda<\/em><\/strong> ante la jurisdicci\u00f3n social para que vuestros <strong><em>despidos<\/em> fueran declarados como <em>improcedentes<\/em><\/strong> o en su caso <strong>nulos<\/strong>.<\/p>\n<p>Para ello, nuestra recomendaci\u00f3n es que acud\u00edas cuanto antes a un <strong>abogado especializado en despidos<\/strong>.<\/p>\n<p>Deb\u00e9is recordar que tan SOLO ten\u00e9is de <strong><em>plazo<\/em> para <em>reclamar\u00a0<\/em>20 d\u00edas<\/strong> h\u00e1biles, desde que el <em>despido<\/em> se ha hecho efectivo.<\/p>\n<h4><strong>Normativa laboral<\/strong> aplicable<\/h4>\n<blockquote cite=\"https:\/\/www.tuproyectodevida.es\/indemnizacion-despido-jubilacion-empresario\/\"><p>Existen dos normas muy relevantes para estos casos:<\/p>\n<p>1. El <strong>Estatuto de los Trabajadores<\/strong>, en su art\u00edculo 49 regula el <strong>despido por <em>cierre<\/em> de empresas<\/strong>. Si la plantilla tiene m\u00e1s de 5 trabajadores se aplicar\u00e1 un <strong>despido colectivo<\/strong>, mientras que en las de menos de 5 empleados es un d<strong>espido <em>objetivo<\/em> individual<\/strong>.<\/p>\n<p>2. La<strong> Ley Reguladora de la Jurisdicci\u00f3n Social<\/strong>, que, en su art\u00edculo 286, relativo a la imposibilidad de readmisi\u00f3n del trabajador, afirma que \u201ccuando se acreditase la <strong>imposibilidad de readmitir al trabajador por cese o <em>cierre<\/em> de la empresa<\/strong> obligada o cualquier otra causa de imposibilidad material o legal, el juez dictar\u00e1 auto en el que <strong>declarar\u00e1 extinguida la relaci\u00f3n laboral<\/strong> en la fecha de dicha resoluci\u00f3n y acordar\u00e1 <strong>se abonen al trabajador las <em>indemnizaciones<\/em> y los salarios dejados de percibir<\/strong>\u201d.<\/p><\/blockquote>\n<p>Caso PR\u00c1CTICO:<\/p>\n<p>En el siguiente art\u00edculo se explica en un <strong>lenguaje m\u00e1s t\u00e9cnico los <em>fundamentos jur\u00eddicos<\/em><\/strong> de este tipo de situaciones:<\/p>\n<p><a title=\"Cierre de empresa por jubilaci\u00f3n del empresario. Opciones para los trabajadores | Iberley\" href=\"https:\/\/www.iberley.es\/practicos\/caso-practico-cierre-empresa-jubilacion-empresario-individual-opciones-trabajadores-7851\" target=\"_blank\" rel=\"noopener noreferrer\"><strong>Cierre de empresa por jubilaci\u00f3n del empresario<\/strong> individual. Opciones para los trabajadores \u2197<\/a><\/p>\n<h2><strong>\u00bfQu\u00e9 hacer en caso de que la empresa <em>cierre por jubilaci\u00f3n<\/em> del due\u00f1o?<\/strong><\/h2>\n<p>Si te ves en este caso, debes tener en cuenta estas RECOMENDACIONES:<\/p>\n<p class=\"dropCap\">1.- <strong>Firma<\/strong> todo lo que te den como \u201cNO CONFORME\u201d.<\/p>\n<p class=\"dropCap\">2.- Pon en todos los documentos la <strong>fecha en la que te est\u00e1n notificando el <em>despido<\/em> por cierre de la empresa<\/strong>.<\/p>\n<p class=\"dropCap\">3.-Qu\u00e9date con una <strong>copia de toda la documentaci\u00f3n de tu <em>despido<\/em> por cese de actividad de la empresa \u00a0(<em>carta de despido<\/em>, finiquito<\/strong>\u2026).<\/p>\n<p>Esta documentaci\u00f3n es sumamente IMPORTANTE para articular una buena defensa de tu caso.<\/p>\n<p class=\"dropCap\">4.-Acude a un <strong><em>abogado<\/em> experto en derecho <em>laboral<\/em><\/strong>. Hazlo r\u00e1pido pues tan <strong>solo tienes de <em>plazo<\/em> 20 d\u00edas<\/strong> h\u00e1biles para <em>reclamar<\/em>.<\/p>\n<p>Tu <em>abogado<\/em> estudiar\u00e1 tu caso y te dir\u00e1 si se puede defender la <strong><em>improcedencia o nulidad<\/em> de tu <em>despido<\/em><\/strong>.<\/p>\n<h4>Ayala y Gonz\u00e1lez <em>Abogados<\/em><\/h4>\n<p class=\"dropCap\">\u2713 Somos un <strong><em>despacho laboral<\/em> con m\u00e1s de 25 a\u00f1os de experiencia<\/strong> defendiendo a los trabajadores.<\/p>\n<p class=\"dropCap\">\u2713 Puedes <strong>consultarnos <em>gratuitamente<\/em><\/strong> y sin ning\u00fan compromiso.<\/p>\n<p>Nuestros <strong><em>honorarios<\/em><\/strong> consisten en un porcentaje de lo que consigamos obtener para ti, y cobramos solo cuando t\u00fa percibas tu dinero.<\/p>\n<p class=\"dropCap\">\u2713 Si no ganamos, no nos tienes que pagar nada.<\/p>\n<h4>NO TE QUEDES CON DUDAS<\/h4>\n<p><a title=\"Consulta Abogado Laboral GRATIS | Consultar Gratis Despido\" href=\"..\/consulta-abogado-laboral-gratis-madrid.php\">\u2709\u00a0Preg\u00fantame: soy Julio Gonz\u00e1lez,\u00a0<strong>Abogado Laboralista<\/strong>\u00a0con despacho en\u00a0<em>Madrid<\/em>.\u00a0<strong>CONSULTA gratuitamente<\/strong>\u00a0tu caso conmigo \u27a8<\/a><\/p>\n<p class=\"dropCap\"Ll\u00e1mame o hazme tu <strong>consulta <em>gratuita<\/em><\/strong> por whatsapp: 600 582 282  <\/p>\n<p>TIENES MUCHO QUE GANAR.<\/p>\n<p class=\"tlfBig\">915 91 40 43<\/p>\n","protected":false},"excerpt":{"rendered":"<p>La empresa para la que trabajo ha cerrado por jubilaci\u00f3n del empresario: \u00bfTengo derecho a cobrar indemnizaci\u00f3n? En este texto, vamos a intentar explicaros qu\u00e9 pasa con los trabajadores cuando el empresario se jubila y la empresa echa el cierre. \u00bfQu\u00e9 pasa con vuestros contratos de trabajo? \u00bfTen\u00e9is derecho a indemnizaci\u00f3n? \u00bfDe qu\u00e9 cuant\u00eda es &hellip; <a href=\"http:\/\/www.indemnizaciondespido.com\/blog\/cierre-empresa-por-jubilacion-empresario.php\" class=\"more-link\">Continuar leyendo<span class=\"screen-reader-text\"> \u00abCierre de Empresa por Jubilaci\u00f3n y Derecho a Indemnizaci\u00f3n\u00bb<\/span><\/a><\/p>\n","protected":false},"author":1,"featured_media":836,"comment_status":"closed","ping_status":"open","sticky":false,"template":"","format":"standard","meta":{"footnotes":""},"categories":[10,4],"tags":[82,83],"_links":{"self":[{"href":"http:\/\/www.indemnizaciondespido.com\/blog\/wp-json\/wp\/v2\/posts\/817"}],"collection":[{"href":"http:\/\/www.indemnizaciondespido.com\/blog\/wp-json\/wp\/v2\/posts"}],"about":[{"href":"http:\/\/www.indemnizaciondespido.com\/blog\/wp-json\/wp\/v2\/types\/post"}],"author":[{"embeddable":true,"href":"http:\/\/www.indemnizaciondespido.com\/blog\/wp-json\/wp\/v2\/users\/1"}],"replies":[{"embeddable":true,"href":"http:\/\/www.indemnizaciondespido.com\/blog\/wp-json\/wp\/v2\/comments?post=817"}],"version-history":[{"count":17,"href":"http:\/\/www.indemnizaciondespido.com\/blog\/wp-json\/wp\/v2\/posts\/817\/revisions"}],"predecessor-version":[{"id":839,"href":"http:\/\/www.indemnizaciondespido.com\/blog\/wp-json\/wp\/v2\/posts\/817\/revisions\/839"}],"wp:featuredmedia":[{"embeddable":true,"href":"http:\/\/www.indemnizaciondespido.com\/blog\/wp-json\/wp\/v2\/media\/836"}],"wp:attachment":[{"href":"http:\/\/www.indemnizaciondespido.com\/blog\/wp-json\/wp\/v2\/media?parent=817"}],"wp:term":[{"taxonomy":"category","embeddable":true,"href":"http:\/\/www.indemnizaciondespido.com\/blog\/wp-json\/wp\/v2\/categories?post=817"},{"taxonomy":"post_tag","embeddable":true,"href":"http:\/\/www.indemnizaciondespido.com\/blog\/wp-json\/wp\/v2\/tags?post=817"}],"curies":[{"name":"wp","href":"https:\/\/api.w.org\/{rel}","templated":true}]}}