{"id":876,"date":"2021-05-31T15:38:02","date_gmt":"2021-05-31T13:38:02","guid":{"rendered":"http:\/\/www.indemnizaciondespido.com\/blog\/?p=876"},"modified":"2021-07-07T14:31:35","modified_gmt":"2021-07-07T12:31:35","slug":"reclamar-despido-improcedente","status":"publish","type":"post","link":"http:\/\/www.indemnizaciondespido.com\/blog\/reclamar-despido-improcedente.php","title":{"rendered":"\u00bfC\u00f3mo RECLAMAR un Despido Improcedente?: Gu\u00eda pr\u00e1ctica"},"content":{"rendered":"<h2><strong>\u00bfTe han <em>despedido<\/em> y no est\u00e1s conforme? <em>Reclama<\/em><\/strong><\/h2>\n<h3><strong><em>Reclamar<\/em> un despido\u00a0Improcedent<\/strong>e<\/h3>\n<p class=\"dropCap\">Debes saber que <strong>no tienes porqu\u00e9 conformarte si te han <em>despedido,<\/em> puedes <em>reclamar<\/em> despido <em>improcedente<\/em><\/strong><em>.<\/em> Tienes todo el derecho a impugnar esa decisi\u00f3n de tu empresa.<\/p>\n<p>En este art\u00edculo, vamos a aclararos algunas de las <strong>dudas m\u00e1s frecuentes<\/strong> que nos plantean los trabajadores <strong>cuando la empresa les <em>despide<\/em><\/strong>, y os daremos unos consejos, sencillos y \u00fatiles, para que manej\u00e9is bien esa situaci\u00f3n y pod\u00e1is <strong><em>reclamar<\/em> vuestro <em>despido<\/em> como improcedente o nulo<\/strong>.<br \/>\n<!--more Leer m\u00e1s sobre C\u00f3mo RECLAMAR un Despido Improcedente--><\/p>\n<h2><strong>\u00bfQu\u00e9 hacer cuando te <em>despiden<\/em> para poder <em>reclamar<\/em>\u00a0por improcedente?<\/strong><\/h2>\n<h3><strong>\u00bfQu\u00e9 hago cuando la empresa me entrega la <em>carta de despido<\/em>?<\/strong><\/h3>\n<p class=\"dropCap\">1. Coge siempre la comunicaci\u00f3n escrita de tu <em>despido<\/em>, o sea la <strong><em>carta de despido<\/em><\/strong>, as\u00ed como toda la documentaci\u00f3n que la empresa te d\u00e9 relativa a tu <strong>liquidaci\u00f3n, saldo y <em>finiquito<\/em><\/strong>.<\/p>\n<p>Esta documentaci\u00f3n es muy importante para que <strong>puedas <em>reclamar<\/em> tu despido como improcedente<\/strong>. Servir\u00e1 a <strong>tu <em>abogado<\/em> para articular una buena defensa<\/strong>.<\/p>\n<p>Adem\u00e1s, son muchos los <strong><em>despidos<\/em> que son <em>improcedentes<\/em> solo porque no re\u00fanen los requisitos <em>formales<\/em><\/strong> exigidos en la ley.<\/p>\n<p class=\"dropCap\">2. Firma toda la documentaci\u00f3n que te entregue la empresa como NO CONFORME<\/p>\n<p>No son pocas las ocasiones, en las que existiendo un <em>plazo de preaviso<\/em>, <strong>la empresa fecha la <em>carta de despido<\/em> como si te hubieran\u00a0<em>preavisado<\/em><\/strong>, cuando en realidad no lo est\u00e1 haciendo.<\/p>\n<p>Comprueba la <strong>fecha de la <em>carta de despido<\/em><\/strong><\/p>\n<p>Muchos trabajadores con los nervios del momento no se fijan en el detalle de la <strong>fecha de la <em>carta de despido<\/em><\/strong>. Por eso deja bien claro cu\u00e1ndo recibes la comunicaci\u00f3n del <em>despido<\/em>, escribiendo la fecha de ese d\u00eda junto a tu firma y la coletilla de \u00abNo conforme\u00bb.<\/p>\n<h3><strong>Plazos: \u00bfCu\u00e1nto tiempo tengo para <em>reclamar<\/em> mi <em>despido<\/em>?<\/strong><\/h3>\n<p>Tienes <strong>20 d\u00edas<\/strong> h\u00e1biles desde el d\u00eda siguiente a que tu <em>despido<\/em> sea efectivo.<\/p>\n<p>Es un <strong><em>plazo<\/em> corto<\/strong>, por eso es muy importante que acudas <strong>cuanto antes a asesorarte con un <em>abogado<\/em> especializado en derecho <em>laboral<\/em><\/strong>, que estudie tu caso y te indique <strong>c\u00f3mo puedes <em>impugnar<\/em> tu despido por <em>improcedente<\/em><\/strong><em>.<\/em><\/p>\n<h3><strong>\u00bfEs necesario contar con un <em>abogado<\/em> para reclamar mi <em>despido<\/em>?<\/strong><\/h3>\n<p class=\"dropCap\">No es necesario, pero s\u00ed MUY RECOMENDABLE.<\/p>\n<p>Ten en cuenta que <strong>tu empresa va a ir asesorada por su <em>abogado<\/em><\/strong>, por eso si t\u00fa acudes solo vas a estar en clara desventaja frente a la empresa.<\/p>\n<p>Cuando <strong><em>impugnas<\/em> el despido<\/strong>, no basta con decir que no estas de acuerdo con tu <em>despido<\/em>. Hay que explicar por qu\u00e9 y cu\u00e1les son<strong> los motivos que hacen que el <em>despido<\/em> sea <em>improcedente<\/em> o incluso <em>nulo<\/em><\/strong>.<\/p>\n<p>Para hacer la <em>reclamaci\u00f3n<\/em>, hay que redactar una <strong><em>papeleta de conciliaci\u00f3n<\/em> y posteriormente una <em>demanda<\/em><\/strong>, algo que no es f\u00e1cil de hacer si se quiere hacer bien.<\/p>\n<p>Hay que estar pendiente de <strong>cumplir unos <em>plazos<\/em><\/strong> y dar contestaci\u00f3n a todos los requerimientos que el juzgado vaya haciendo a lo largo del procedimiento judicial.<\/p>\n<p>El abogado laboralista, conoce el derecho y la jurisprudencia que se aplica en estos casos. <strong>Estudiar\u00e1 si en tu <em>despido<\/em> se han producido defectos de forma o de fondo<\/strong> que determinen que este no sea <em>procedente<\/em>.<\/p>\n<p>Sabe qu\u00e9 <strong>pruebas<\/strong> hay que pedir, si pueden corresponderte <strong><em>indemnizaciones<\/em> adicionales<\/strong>, sabe c\u00f3mo negociar en estas situaciones, est\u00e1 <strong>acostumbrado a relacionarse con juzgados y tribunales<\/strong>, es decir, est\u00e1 habituado a estas situaciones porque es el pan suyo de cada d\u00eda.<\/p>\n<p>Por eso nuestra recomendaci\u00f3n es que <strong>siempre acudas a un <em>abogado<\/em> laboralista para <em>reclamar<\/em> tu despido<\/strong>.<\/p>\n<h2><strong>\u00bfQu\u00e9 pasos tengo que dar <\/strong><strong>para impugnar o reclamar mi <em>despido por improcedente<\/em><\/strong><strong>?<\/strong><\/h2>\n<h3><strong><em>Papeleta de conciliaci\u00f3n<\/em> ante el SMAC<\/strong><\/h3>\n<p class=\"dropCap\">A. Lo primero que tienes que hacer es interponer una <strong><em>papeleta de conciliaci\u00f3n<\/em> ante el SMAC,<\/strong> Servicio de Mediaci\u00f3n Arbitraje y Conciliaci\u00f3n, correspondiente a tu Provincia.<\/p>\n<p>Este es un <strong>tr\u00e1mite administrativo obligatorio<\/strong> que debes pasar, antes de poder interponer una <strong><em>demanda<\/em> por despido <em>improcedente<\/em><\/strong>\u00a0ante los juzgados de lo social.<\/p>\n<p>En este acto se intentar\u00e1 que la <strong>empresa y el trabajador lleguen a un acuerdo<\/strong> que evite acudir a los juzgados.<\/p>\n<p>Si <strong>no es posible alcanzar un acuerdo, deber\u00e1 interponer <em>demanda<\/em><\/strong> ante la jurisdicci\u00f3n social.<\/p>\n<p class=\"dropCap\">B. Si no alcanzamos un acuerdo ante el <strong>SMAC<\/strong>, Servicio de Mediaci\u00f3n Arbitraje y Conciliaci\u00f3n, hay que <strong>interponer la <em>demanda de despido<\/em> ante los juzgados de lo social<\/strong>.<\/p>\n<h3>\u00bfQu\u00e9 plazo tengo para <strong>interponer esta <em>demanda de despido<\/em><\/strong>?<\/h3>\n<p class=\"dropCap\">Esta <em>demanda<\/em> hay que interponerla <strong>antes de que hayan transcurrido\u00a0 20 d\u00edas<\/strong> h\u00e1biles desde que te <em>despidieron;<\/em> para ello <strong>hay que descontar los d\u00edas en que dicho <em>plazo<\/em> estuvo paralizado por la interposici\u00f3n de la <em>papeleta de conciliaci\u00f3n<\/em><\/strong>.<\/p>\n<h2><strong>\u00bfC\u00f3mo puede el juez calificar mi <em>despido<\/em>?<\/strong><\/h2>\n<p class=\"dropCap\">Ser\u00e1 <strong>el juez quien decida<\/strong> en base a los <strong>motivos alegados en la <em>carta de despido<\/em><\/strong>, a las <strong>alegaciones que hagan las partes y la <em>prueba<\/em><\/strong> que se presente y practique, qui\u00e9n <strong>decidir\u00e1 si tu <em>despido<\/em> es o no procedente<\/strong>.<\/p>\n<p>Los pronunciamientos pueden ser varios:<\/p>\n<h3>1. Que tu\u00a0<strong>despido sea Procedente<\/strong>:<\/h3>\n<p>El juez declarar\u00e1 que <strong>tu despido es <em>procedente<\/em> si re\u00fane todos los requisitos de forma<\/strong> exigidos por la ley y si adem\u00e1s <strong>la empresa logra demostrar que las causas alegadas en la <em>carta de despido<\/em><\/strong> son ciertas y justifican el haber tomado la decisi\u00f3n de proceder al <em>despido<\/em>.<\/p>\n<h3>2. Que tu\u00a0<strong>despido sea <em>Improcedente<\/em><\/strong>:<\/h3>\n<p>El juez declarar\u00e1 la <strong><em>improcedencia<\/em> de tu <em>despido<\/em><\/strong>\u00a0 por:<\/p>\n<h4>Defectos de forma:<\/h4>\n<p>Los <strong><em>despidos<\/em> deben reunir los requisitos formales<\/strong> que exige la ley. Si la empresa <strong>te ha <em>despedido<\/em> sin cumplir estos requisitos, tu despido ser\u00e1 <em>improcedente<\/em><\/strong>, dando igual que los motivos alegados por la empresa, y esto es muy importante, fueran o no reales.<\/p>\n<p>Por ello es tan importante, si los hay, <strong>reclamar los despidos por defecto de forma<\/strong>.<\/p>\n<h4>Defectos de fondo:<\/h4>\n<p>Se da <strong>cuando la empresa no logra acreditar que las causas que motivaron tu <em>despido<\/em> sean reale<\/strong>s o que aun existiendo no justifiquen la decisi\u00f3n de empresa de despedirte.<\/p>\n<h3><strong>CONSECUENCIAS del despido <em>improcedente<\/em><\/strong><\/h3>\n<p>Las <strong><em>consecuencias<\/em> de que se haya declarado que tu despido es <em>improcedente<\/em><\/strong> son que el empresario deber\u00e1 elegir entre:<\/p>\n<p><strong>Readmitirte de nuevo<\/strong> en la empresa y <strong>pagarte los salarios de tramitaci\u00f3n<\/strong> que se hayan generado hasta que la readmisi\u00f3n sea efectivo<\/p>\n<p>o<\/p>\n<p>Dar por finalizada tu relaci\u00f3n laboral <strong><em>indemniz\u00e1ndote<\/em> por el despido<\/strong> con 45 d\u00edas por a\u00f1o de servicio (hasta 12\/02\/2012) y 33 d\u00edas por a\u00f1o (desde el 12\/02\/2012) con un m\u00e1ximo de 24 mensualidades.<\/p>\n<h3>3. Que el <strong>despido sea <em>Nulo<\/em><\/strong>:<\/h3>\n<h4><strong>CAUSAS del despido <em>nulo<\/em><\/strong><\/h4>\n<p class=\"dropCap\">Son varias las <strong>causas que determinan que un despido sea declarado como <em>Nulo<\/em><\/strong>. Entre ellas est\u00e1n el hecho de que el despido sea discriminatorio; de que se vulneren derechos fundamentales del trabajador despedido; el <strong>despido de las trabajadoras <em>embarazadas<\/em>; despido de trabajadoras durante la <em>baja de maternidad<\/em>, riesgo en el embarazo o <em>lactancia<\/em>; despido de trabajadores que est\u00e9n disfrutando de <em>reducciones de jornada<\/em> por guarda legal, lactancia o de excedencia por <em>cuidado de hijos<\/em><\/strong>; despido de trabajadores en un despido colectivo si existen defectos en la tramitaci\u00f3n del ERE, etc.<\/p>\n<h4><strong>CONSECUENCIAS del despido <em>nulo<\/em><\/strong><\/h4>\n<p class=\"dropCap\">Las <strong><em>consecuencias<\/em> de que se declare que tu despido sea nulo<\/strong> son que el empresario tiene la obligaci\u00f3n de readmitirte otra vez en la empresa, en las mismas condiciones que ten\u00edas antes del despido y pagarte los salarios de tramitaci\u00f3n devengadas hasta la fecha de la reincorporaci\u00f3n en la empresa.<\/p>\n<h3><strong>Si no estoy conforme con la decisi\u00f3n del juez sobre mi <em>despido<\/em>, \u00bfqu\u00e9 puedo hacer?<\/strong><\/h3>\n<h4><strong><em>Reclamar<\/em> la decisi\u00f3n del juez<\/strong><\/h4>\n<p class=\"dropCap\">Frente a la <strong><em>sentencia<\/em> que dicte el juzgado de lo social<\/strong> que conozca de tu caso, se puede <strong>interponer recurso de suplicaci\u00f3n<\/strong> ante el Tribunal Superior de Justicia.<\/p>\n<p>La <em>sentencia<\/em> que dicte el Tribunal superior de Justicia tambi\u00e9n ser\u00e1 <strong>recurrible en casaci\u00f3n ante el Tribunal Supremo<\/strong>.<\/p>\n<h2>Consejos \u00fatiles para poder <strong><em>reclamar<\/em> un despido <em>improcedente<\/em><\/strong><\/h2>\n<p>Esperamos haberte ayudado a resolver las dudas acerca de <strong>qu\u00e9 se puede hacer frente a un despido injusto y c\u00f3mo reclamarlo<\/strong>.<\/p>\n<p>Te resumimos los CONSEJOS m\u00e1s importantes que debes seguir:<\/p>\n<ol>\n<li>Siempre que os notifiquen un <em>despido<\/em>, primero escribe <strong>NO CONFORME <\/strong>y luego <strong>firma la <em>carta de despido<\/em><\/strong> y cualquier otra documentaci\u00f3n que os den<strong>. <\/strong><\/li>\n<li>La empresa os debe dar una<strong> copia de vuestra <em>carta de despido<\/em>. <\/strong><\/li>\n<\/ol>\n<p>Que os qued\u00e9is con una copia es FUNDAMENTAL para poder reclamar, pues conociendo el contenido de la misma es como vamos a poder establecer la mejor defensa para vosotros.<\/p>\n<p>Tened en cuenta que la empresa <strong>no podr\u00e1 alegar en juicio ning\u00fan motivo que no venga contemplado en la <em>carta de despido<\/em><\/strong>.<\/p>\n<ol start=\"3\">\n<li>Seguidamente <strong>consultar con un <em>abogado<\/em> especializado en derecho <em>laboral<\/em>. <\/strong><\/li>\n<li>Recordad que desde que os comunican el despido <strong>dispon\u00e9is de <em>plazo<\/em> de 20 d\u00edas<\/strong> h\u00e1biles (no cuentan ni s\u00e1bados, ni domingos ni festivos)<strong> para presentar la <em>Papeleta de Conciliaci\u00f3n<\/em> ante el SMAC<\/strong>.<\/li>\n<\/ol>\n<p><strong>Si no se llega a un acuerdo<\/strong> en esta fase deber\u00e9is <strong>interponer <em>demanda<\/em> ante los Juzgado de lo Social para reclamar la <em>improcedencia<\/em><\/strong> o nulidad de vuestro <em>despido<\/em>.<\/p>\n<p>Si tu empresa <strong>te ha <em>despedido<\/em> y no est\u00e1s de acuerdo<\/strong> con esa decisi\u00f3n, <strong>ponte en contacto con nosotros<\/strong>.<\/p>\n<h4>No te quedes con dudas, llama<\/h4>\n<p>Ll\u00e1mame y hazme tu consulta. No tienes nada que perder y <strong>s\u00ed, mucho que ganar<\/strong>.<\/p>\n<p class=\"tlfBig\">915 91 40 43<\/p>\n<p><a title=\"Consulta Abogado Laboral GRATIS | Consultar Gratis Despido\" href=\"..\/consulta-abogado-laboral-gratis-madrid.php\">\u2709 Si tienes dudas, preg\u00fantame: soy Julio Gonz\u00e1lez, <strong>Abogado Laboralista<\/strong> con despacho en <em>Madrid<\/em>. <strong>CONSULTA gratuitamente<\/strong> tu caso conmigo \u27a8<\/a><\/p>\n","protected":false},"excerpt":{"rendered":"<p>\u00bfTe han despedido y no est\u00e1s conforme? Reclama Reclamar un despido\u00a0Improcedente Debes saber que no tienes porqu\u00e9 conformarte si te han despedido, puedes reclamar despido improcedente. Tienes todo el derecho a impugnar esa decisi\u00f3n de tu empresa. En este art\u00edculo, vamos a aclararos algunas de las dudas m\u00e1s frecuentes que nos plantean los trabajadores cuando &hellip; <a href=\"http:\/\/www.indemnizaciondespido.com\/blog\/reclamar-despido-improcedente.php\" class=\"more-link\">Continuar leyendo<span class=\"screen-reader-text\"> \u00ab\u00bfC\u00f3mo RECLAMAR un Despido Improcedente?: Gu\u00eda pr\u00e1ctica\u00bb<\/span><\/a><\/p>\n","protected":false},"author":1,"featured_media":0,"comment_status":"closed","ping_status":"open","sticky":false,"template":"","format":"standard","meta":{"footnotes":""},"categories":[4],"tags":[40,48,84,45],"_links":{"self":[{"href":"http:\/\/www.indemnizaciondespido.com\/blog\/wp-json\/wp\/v2\/posts\/876"}],"collection":[{"href":"http:\/\/www.indemnizaciondespido.com\/blog\/wp-json\/wp\/v2\/posts"}],"about":[{"href":"http:\/\/www.indemnizaciondespido.com\/blog\/wp-json\/wp\/v2\/types\/post"}],"author":[{"embeddable":true,"href":"http:\/\/www.indemnizaciondespido.com\/blog\/wp-json\/wp\/v2\/users\/1"}],"replies":[{"embeddable":true,"href":"http:\/\/www.indemnizaciondespido.com\/blog\/wp-json\/wp\/v2\/comments?post=876"}],"version-history":[{"count":11,"href":"http:\/\/www.indemnizaciondespido.com\/blog\/wp-json\/wp\/v2\/posts\/876\/revisions"}],"predecessor-version":[{"id":920,"href":"http:\/\/www.indemnizaciondespido.com\/blog\/wp-json\/wp\/v2\/posts\/876\/revisions\/920"}],"wp:attachment":[{"href":"http:\/\/www.indemnizaciondespido.com\/blog\/wp-json\/wp\/v2\/media?parent=876"}],"wp:term":[{"taxonomy":"category","embeddable":true,"href":"http:\/\/www.indemnizaciondespido.com\/blog\/wp-json\/wp\/v2\/categories?post=876"},{"taxonomy":"post_tag","embeddable":true,"href":"http:\/\/www.indemnizaciondespido.com\/blog\/wp-json\/wp\/v2\/tags?post=876"}],"curies":[{"name":"wp","href":"https:\/\/api.w.org\/{rel}","templated":true}]}}