{"id":954,"date":"2021-10-13T15:08:32","date_gmt":"2021-10-13T13:08:32","guid":{"rendered":"http:\/\/www.indemnizaciondespido.com\/blog\/?p=954"},"modified":"2021-10-13T15:19:37","modified_gmt":"2021-10-13T13:19:37","slug":"sancion-por-no-vacunarse","status":"publish","type":"post","link":"http:\/\/www.indemnizaciondespido.com\/blog\/sancion-por-no-vacunarse.php","title":{"rendered":"\u00bfMe pueden Sancionar en el Trabajo por No Vacunarme?"},"content":{"rendered":"<h2><strong><em>SANCI\u00d3N<\/em> Disciplinaria por <em>no vacunarse<\/em> \u00bfEs legal?<\/strong><\/h2>\n<h3><strong>\u00bfPueden las empresas <em>sancionar<\/em> a los trabajadores que se nieguen a <em>vacunarse<\/em> contra la Covid?<\/strong><\/h3>\n<p class=\"dropCap\">Son cada vez m\u00e1s numerosos los pa\u00edses que est\u00e1n <strong>imponiendo la <em>obligaci\u00f3n<\/em><\/strong>, a determinados colectivos de <em>trabajadores,<\/em> de <strong><em>vacunarse<\/em> contra la Covid<\/strong> 19, con el fin de preservar y garantizar la seguridad tanto de los propios <em>trabajadores<\/em> lo que podr\u00eda implicar la posibilidad de <strong>sancionar o despedir<\/strong> a aquellos que se nieguen.<\/p>\n<p>Sin embargo, como ya dijimos en otro art\u00edculo, <strong>la <em>vacuna<\/em> del Covid 19 en Espa\u00f1a es voluntaria<\/strong>. Por lo que <strong>no pueden despedirte por no estar <em>vacunado<\/em><\/strong>; y como veremos a continuaci\u00f3n <strong>las <em>sanciones<\/em> en el trabajo por no <em>vacunarse<\/em> ser\u00edan nulas<\/strong> o improcedentes.<\/p>\n<p><!--more Leer m\u00e1s sobre Obligacion de Vacunarse, Despidos y Sanciones--><\/p>\n<h3>\u00bfQu\u00e9 est\u00e1 pasando en los pa\u00edses de nuestro entorno respecto a <strong>hacer obligatoria la <em>vacuna<\/em><\/strong> para ciertos trabajadores?<\/h3>\n<p class=\"dropCap\">Con la aparici\u00f3n de la nueva variante Delta, mucho m\u00e1s infectiva que las anteriores y el problema existente en algunos pa\u00edses por la existencia de un gran n\u00famero de habitantes que no quieren <em>vacunarse<\/em>, est\u00e1 propiciando que muchos pa\u00edses se vean en la obligaci\u00f3n de <strong>imponer la obligatoriedad de la <em>vacuna<\/em> a ciertos grupos de trabajadores<\/strong>, sobre todo a los que realizan un <strong>trabajo con personas vulnerables<\/strong>, como pueden ser la atenci\u00f3n a ancianos o enfermos y a funcionarios p\u00fablicos, entre otros colectivos.<\/p>\n<p>Estados como Francia, Italia, Grecia o Reino Unido, son algunos ejemplos cercanos.<\/p>\n<p>FRANCIA <strong>ha obligado a que todo el personal sanitario deba estar <em>vacunado<\/em><\/strong> antes del 15 de septiembre, prohibiendo el paso a su puesto de trabajo a aquellos trabajadores que no a cedan a <strong>ponerse la <em>vacuna<\/em> contra la Covid<\/strong>-19.<\/p>\n<p>GRECIA ha establecido la <strong>obligaci\u00f3n de <em>vacunarse<\/em><\/strong> a todos los <em>trabajadores<\/em> que presten sus servicios en <strong>residencias de ancianos<\/strong>, y a todos los trabajadores que presten servicios en <strong>centros de salud y hospitales<\/strong>.<\/p>\n<p>ITALIA, adem\u00e1s de a los anteriores colectivos, <strong>obliga tambi\u00e9n a <em>vacunarse<\/em> a los farmac\u00e9uticos<\/strong>.<\/p>\n<p>ESTADOS UNIDOS, ha obligado a <strong>todos los funcionarios a <em>vacunarse<\/em><\/strong> o a que presente test negativos de manera regular y ya se valora la posibilidad de imponer en el futuro la <em>obligaci\u00f3n de vacunarse<\/em> contra la Covid-19 a nivel nacional.<\/p>\n<p>El VATICANO, ha establecido la posibilidad de <strong><em>sancionar<\/em> a trabajadores que no quieran <em>vacunarse<\/em><\/strong> y que no tengan ning\u00fan motivo de salud para negarse a hacerlo.<\/p>\n<p>En estos Estados, <strong>al ser obligatoria la <em>vacuna<\/em> para estos colectivos, la negativa a <em>vacunarse<\/em><\/strong> podr\u00eda suponer que a estos trabajadores se les pudieran imponer <strong><em>sanciones<\/em> disciplinarias e incluso el <em>despido<\/em><\/strong>.<\/p>\n<hr \/>\n<h3><strong>En ESPA\u00d1A\u00a0<\/strong><strong>\u00bf<\/strong><strong>se puede <em>sancionar<\/em> disciplinariamente a los trabajadores que no quieran\u00a0<em>vacunarse?<\/em><\/strong><\/h3>\n<p class=\"dropCap\">En Espa\u00f1a<strong> la <em>vacuna<\/em> contra la Covid<\/strong>-19 ha tenido una gran acogida, tanto que ya hay m\u00e1s de 36 millones de espa\u00f1oles <em>vacunados<\/em> con la pauta completa, lo que representa casi un 77% de la poblaci\u00f3n espa\u00f1ola.<\/p>\n<p>Este hecho ha propiciado que, hasta la fecha, en nuestro pa\u00eds <strong>no se haya pensado en imponer la <em>obligaci\u00f3n de vacunarse<\/em> contra la Covid<\/strong>-19 a ning\u00fan grupo de poblaci\u00f3n, ni siquiera al personal sanitario.<\/p>\n<div class=\"ladillo boxShadow\"><q><strong>No pueden sancionarte por no <em>vacunarte<\/em><\/strong><\/q><\/div>\n<p>Por lo tanto a d\u00eda de hoy, podemos decir que <strong>las Empresas no pueden imponer <em>sanciones disciplinarias<\/em> a sus trabajadores por el hecho de negarse a <em>vacunarse<\/em><\/strong> contra el coronavirus, ya que <strong>no hay obligaci\u00f3n de ponerse la <em>vacuna<\/em><\/strong>.<\/p>\n<hr \/>\n<p>Por el mismo motivo, <strong>ser\u00eda <em>nulo<\/em> el despido<\/strong> de un trabajado fundamentado en el hecho de que este <strong>no quiera <em>vacunarse<\/em> contra el Covid<\/strong>-19, pues <strong>supondr\u00eda una vulneraci\u00f3n de sus derechos fundamentales<\/strong> como al de libertad ideol\u00f3gica, intimidad e integridad f\u00edsica.<\/p>\n<div class=\"ladillo boxShadow\"><q><strong>Inspecci\u00f3n de Trabajo <em>sancionar\u00eda<\/em> a las empresas que obliguen a <em>vacunarse<\/em><\/strong><\/q><\/div>\n<p>Ahora bien, lo que si pueden hacer las empresas es <strong>recomendar a sus trabajadores la <em>vacunaci\u00f3n<\/em><\/strong> con el fin de garantizar la seguridad y salud del resto de compa\u00f1eros de trabajo. Recomendar decimos, pero nunca obligar.<\/p>\n<h3><strong><em>Vacunaci\u00f3n<\/em> contra el nuevo <em>coronavirus<\/em><\/strong>\u00a0en los trabajos<\/h3>\n<blockquote cite=\" https:\/\/www.antena3.com\/noticias\/sociedad\/ana-ercoreca-inspectora-trabajo-ley-que-regule-empresa-puede-obligar-vacunarse-podria-ser-sancionada_202108096110ee795e57db0001e354c1.html \"><p>Sin una ley que lo regule, una empresa no puede obligar a vacunarse y si lo hace, podr\u00eda ser ella misma sancionada<\/p>\n<p>Ana Ercoreca, inspectora de trabajo<\/p>\n<p>Con la actual legislaci\u00f3n, en Espa\u00f1a la vacunaci\u00f3n contra el coronavirus no es obligatoria y en caso de que una empresa que obligue a sus trabajadores a vacunarse, podr\u00eda ser sancionada.<\/p><\/blockquote>\n<h4>\u00bfPodr\u00eda haber alguna excepci\u00f3n?<\/h4>\n<p class=\"dropCap\">Esto no quiere decir, que no haya <strong>situaciones en las que las empresas puedan <em>sancionar<\/em> disciplinariamente al trabajador no <em>vacunado<\/em> por el riesgo<\/strong> que entra\u00f1e para la salud de los dem\u00e1s trabajadores o de terceros.<\/p>\n<p>Habr\u00e1 que estar a cada caso en concreto, para ver si la actitud del trabajador en cuesti\u00f3n es <em>sancionable<\/em> o no.<\/p>\n<h4><strong>Ley de Prevenci\u00f3n de Riesgos <em>Laborales<\/em><\/strong><\/h4>\n<p class=\"dropCap\">La <strong>Ley de Prevenci\u00f3n de Riesgos <em>Laborales<\/em><\/strong>, impone a las empresas la obligaci\u00f3n de velar por la salud de sus trabajadores, eliminando los posibles riesgos que la puedan comprometer, pero tambi\u00e9n impone la obligaci\u00f3n a los trabajadores de informar a sus empresas de cualquier situaci\u00f3n que pueda entra\u00f1ar un riesgo para la seguridad de los dem\u00e1s compa\u00f1eros o de terceros.<\/p>\n<p>En ciertos casos muy particulares, <strong>se podr\u00eda considerar como situaci\u00f3n de riesgo el no estar <em>vacunado<\/em> contra la Covid<\/strong>, tanto para el propio trabajador, como para los dem\u00e1s.<\/p>\n<h4>Futuros Planes de Prevenci\u00f3n y posibles supuestos<\/h4>\n<p class=\"dropCap\">Pensemos, por ejemplo, en un trabajador que <strong>trabaja en contacto con personas de alto riesgo<\/strong>, o que en el desarrollo de su trabajo tenga que estar en contacto con muchas personas.<\/p>\n<p>En estos supuestos, los planes de prevenci\u00f3n en un futuro pueden exigir que dichas personas <strong>tengan que estar <em>vacunadas<\/em>, si quieren desempe\u00f1ar las labores de ese puesto de trabajo<\/strong>.<\/p>\n<div class=\"ladillo boxShadow\"><q>En ning\u00fan caso podr\u00edan<strong> obligarte a que te <em>vacunes<\/em><\/strong><\/q><\/div>\n<p>En este hipot\u00e9tico caso, el trabajador, como ya hemos indicado, <strong>no puede ser obligado a <em>vacunarse<\/em><\/strong>, pero s\u00ed tendr\u00eda el deber de <strong>poner en conocimiento de la empresa que no est\u00e1 <em>vacunado<\/em><\/strong> y que no quiere hacerlo. <strong>Si ocultara este hecho, la empresa si podr\u00eda <em>sancionarle<\/em><\/strong> disciplinariamente incluso con el <em>despido<\/em>, dependiendo de la gravedad de los hechos.<\/p>\n<p>Pero como recalcamos de nuevo, todo esto NO PUEDE DARSE EN EL ACTUAL MARCO LEGISLATIVO.<\/p>\n<h4>\u00bfPodr\u00eda ser <strong><em>despido<\/em> objetivo<\/strong>?<\/h4>\n<p class=\"dropCap\">Hay sectores que opinan que, en este supuesto, ser\u00eda posible incluso <strong>despedir al trabajador por medio despido objetivo<\/strong>, por incapacidad sobrevenida del empleado para seguir desempe\u00f1ado las funciones de su puesto de trabajo.<\/p>\n<div class=\"ladillo boxShadow\"><q>Una posible soluci\u00f3n, adaptar el puesto de trabajo<\/q><\/div>\n<p>En estos casos lo l\u00f3gico ser\u00eda que la empresa intentara <strong>adaptar el puesto de trabajo del empleado que se niega a <em>vacunarse<\/em><\/strong>, para evitar que estuviera en contacto con personas vulnerables, y de no ser posible, tendr\u00eda que intentar <strong>recolocarse en otro puesto<\/strong> de trabajo dentro de la empresa, y solo en el caso de que esto fuera totalmente imposible podr\u00eda <strong>recurrir al <em>despido<\/em> objetivo<\/strong>.<\/p>\n<p>Este es un tema muy nuevo, que sin duda dar\u00e1 mucho que hablar, y que poco a poco los Juzgados y Tribunales tendr\u00e1n que ir resolviendo, atendiendo a las circunstancias de cada caso en concreto.<\/p>\n<hr \/>\n<h3><strong>\u00bfQu\u00e9 puedo hacer, si me han <i>sancionado<\/i> en el trabajo\u00a0por no estar <em>vacunado<\/em>?<\/strong><\/h3>\n<p class=\"dropCap\">Si te <strong><em>sancionan<\/em>, consulta<\/strong> tu caso<\/p>\n<p>Nuestro consejo es que, <strong>si tu empresa te impone una <em>sanci\u00f3n<\/em> disciplinaria o te despiden por no quererte <em>vacunar<\/em>, acudas a un <em>abogado<\/em> especializado en derecho laboral<\/strong>.<\/p>\n<p>Ases\u00f3rate bien, porque tu <strong><em>sanci\u00f3n<\/em> o tu despido pueden ser <em>nulos<\/em> o improcedente<\/strong>.<\/p>\n<h4>\u265c Defensa en <em>Despidos<\/em>: <strong><em>Abogados<\/em> Laboralistas<\/strong><\/h4>\n<p>Ayala y Gonzalez <em>Abogados<\/em> somos un despacho con una experiencia de <strong>m\u00e1s de 25 a\u00f1os en la defensa del trabajador<\/strong>.<\/p>\n<p>Informarte, no te va a costar nada, la primera <strong><em>consulta es gratuita<\/em><\/strong>.<\/p>\n<p class=\"dropCap\">Te diremos con todo detalle\u00a0<strong>si la empresa puede <em>sancionarte<\/em>\u00a0 o no,<\/strong> y las posibilidades reales de defensa que tienes.<\/p>\n<h4>No lo dudes llama o escr\u00edbenos<\/h4>\n<p class=\"tlfBig\">915 91 40 43<\/p>\n<p><a title=\"Consulta GRATIS con el Abogado Laboral sobre tu Despido\" href=\"..\/consulta-abogado-laboral-gratis-madrid.php\">\u2709 Si tienes dudas, preg\u00fantame: soy Julio Gonz\u00e1lez, <strong>Abogado Laboralista<\/strong> con despacho en <em>Madrid<\/em>. <strong>CONSULTA gratuitamente<\/strong> tu caso conmigo \u27a8<\/a><\/p>\n","protected":false},"excerpt":{"rendered":"<p>SANCI\u00d3N Disciplinaria por no vacunarse \u00bfEs legal? \u00bfPueden las empresas sancionar a los trabajadores que se nieguen a vacunarse contra la Covid? Son cada vez m\u00e1s numerosos los pa\u00edses que est\u00e1n imponiendo la obligaci\u00f3n, a determinados colectivos de trabajadores, de vacunarse contra la Covid 19, con el fin de preservar y garantizar la seguridad tanto &hellip; <a href=\"http:\/\/www.indemnizaciondespido.com\/blog\/sancion-por-no-vacunarse.php\" class=\"more-link\">Continuar leyendo<span class=\"screen-reader-text\"> \u00ab\u00bfMe pueden Sancionar en el Trabajo por No Vacunarme?\u00bb<\/span><\/a><\/p>\n","protected":false},"author":1,"featured_media":0,"comment_status":"closed","ping_status":"open","sticky":false,"template":"","format":"standard","meta":{"footnotes":""},"categories":[10],"tags":[66,68,86,85],"_links":{"self":[{"href":"http:\/\/www.indemnizaciondespido.com\/blog\/wp-json\/wp\/v2\/posts\/954"}],"collection":[{"href":"http:\/\/www.indemnizaciondespido.com\/blog\/wp-json\/wp\/v2\/posts"}],"about":[{"href":"http:\/\/www.indemnizaciondespido.com\/blog\/wp-json\/wp\/v2\/types\/post"}],"author":[{"embeddable":true,"href":"http:\/\/www.indemnizaciondespido.com\/blog\/wp-json\/wp\/v2\/users\/1"}],"replies":[{"embeddable":true,"href":"http:\/\/www.indemnizaciondespido.com\/blog\/wp-json\/wp\/v2\/comments?post=954"}],"version-history":[{"count":16,"href":"http:\/\/www.indemnizaciondespido.com\/blog\/wp-json\/wp\/v2\/posts\/954\/revisions"}],"predecessor-version":[{"id":971,"href":"http:\/\/www.indemnizaciondespido.com\/blog\/wp-json\/wp\/v2\/posts\/954\/revisions\/971"}],"wp:attachment":[{"href":"http:\/\/www.indemnizaciondespido.com\/blog\/wp-json\/wp\/v2\/media?parent=954"}],"wp:term":[{"taxonomy":"category","embeddable":true,"href":"http:\/\/www.indemnizaciondespido.com\/blog\/wp-json\/wp\/v2\/categories?post=954"},{"taxonomy":"post_tag","embeddable":true,"href":"http:\/\/www.indemnizaciondespido.com\/blog\/wp-json\/wp\/v2\/tags?post=954"}],"curies":[{"name":"wp","href":"https:\/\/api.w.org\/{rel}","templated":true}]}}